{"id":214533,"date":"2020-07-22T13:06:39","date_gmt":"2020-07-22T10:06:39","guid":{"rendered":"http:\/\/www.sana.sy\/tr\/?p=214533"},"modified":"2020-07-22T13:06:39","modified_gmt":"2020-07-22T10:06:39","slug":"haseke-kirsalinda-meydana-gelen-kazada-isgalci-amerikan-bir-asker-olduruldu","status":"publish","type":"post","link":"https:\/\/archive.sana.sy\/tr\/?p=214533","title":{"rendered":"Haseke k\u0131rsal\u0131nda meydana gelen kazada i\u015fgalci Amerikan bir asker \u00f6ld\u00fcr\u00fcld\u00fc"},"content":{"rendered":"<p>Haseke k\u0131rsal\u0131nda meydana gelen kazada i\u015fgalci Amerikan bir asker \u00f6ld\u00fcr\u00fcld\u00fc<\/p>\n<p><iframe loading=\"lazy\" src=\"https:\/\/www.youtube.com\/embed\/O_vVQATax6A\" width=\"620\" height=\"347\" frameborder=\"0\" allowfullscreen=\"allowfullscreen\"><\/iframe><\/p>\n","protected":false},"excerpt":{"rendered":"<p>Haseke k\u0131rsal\u0131nda meydana gelen kazada i\u015fgalci Amerikan bir asker \u00f6ld\u00fcr\u00fcld\u00fc<\/p>\n","protected":false},"author":1,"featured_media":214534,"comment_status":"closed","ping_status":"closed","sticky":false,"template":"","format":"standard","meta":{"footnotes":""},"categories":[18295],"tags":[],"class_list":["post-214533","post","type-post","status-publish","format-standard","has-post-thumbnail","","category-sana-video"],"_links":{"self":[{"href":"https:\/\/archive.sana.sy\/tr\/index.php?rest_route=\/wp\/v2\/posts\/214533","targetHints":{"allow":["GET"]}}],"collection":[{"href":"https:\/\/archive.sana.sy\/tr\/index.php?rest_route=\/wp\/v2\/posts"}],"about":[{"href":"https:\/\/archive.sana.sy\/tr\/index.php?rest_route=\/wp\/v2\/types\/post"}],"author":[{"embeddable":true,"href":"https:\/\/archive.sana.sy\/tr\/index.php?rest_route=\/wp\/v2\/users\/1"}],"replies":[{"embeddable":true,"href":"https:\/\/archive.sana.sy\/tr\/index.php?rest_route=%2Fwp%2Fv2%2Fcomments&post=214533"}],"version-history":[{"count":0,"href":"https:\/\/archive.sana.sy\/tr\/index.php?rest_route=\/wp\/v2\/posts\/214533\/revisions"}],"wp:featuredmedia":[{"embeddable":true,"href":"https:\/\/archive.sana.sy\/tr\/index.php?rest_route=\/wp\/v2\/media\/214534"}],"wp:attachment":[{"href":"https:\/\/archive.sana.sy\/tr\/index.php?rest_route=%2Fwp%2Fv2%2Fmedia&parent=214533"}],"wp:term":[{"taxonomy":"category","embeddable":true,"href":"https:\/\/archive.sana.sy\/tr\/index.php?rest_route=%2Fwp%2Fv2%2Fcategories&post=214533"},{"taxonomy":"post_tag","embeddable":true,"href":"https:\/\/archive.sana.sy\/tr\/index.php?rest_route=%2Fwp%2Fv2%2Ftags&post=214533"}],"curies":[{"name":"wp","href":"https:\/\/api.w.org\/{rel}","templated":true}]}}