{"id":214536,"date":"2020-07-22T13:38:04","date_gmt":"2020-07-22T10:38:04","guid":{"rendered":"http:\/\/www.sana.sy\/tr\/?p=214536"},"modified":"2020-07-23T13:10:14","modified_gmt":"2020-07-23T10:10:14","slug":"yurt-disina-cikacaklar-icin-saglik-bakanliginin-korona-virus-hastaliginin-teshisiyle-ilgili-prosedurleri","status":"publish","type":"post","link":"https:\/\/archive.sana.sy\/tr\/?p=214536","title":{"rendered":"Yurt D\u0131\u015f\u0131na \u00c7\u0131kacaklar \u0130\u00e7in Sa\u011fl\u0131k Bakanl\u0131\u011f\u0131n\u0131n Korona Vir\u00fcs Hastal\u0131\u011f\u0131n\u0131n Te\u015fhisiyle \u0130lgili Prosed\u00fcrleri"},"content":{"rendered":"<p>\u015eAM \u2013 Sa\u011fl\u0131k Bakanl\u0131\u011f\u0131 yurtd\u0131\u015f\u0131na gitmek isteyen \u00e7ocuklar dahil t\u00fcm ya\u015flardaki vatanda\u015flar i\u00e7in koronavir\u00fcs te\u015fhisi prosed\u00fcrlerini sa\u011flayaca\u011f\u0131n\u0131 a\u00e7\u0131klad\u0131.<\/p>\n<p>Bakanl\u0131\u011f\u0131n bug\u00fcn yay\u0131nlad\u0131\u011f\u0131 beyan\u0131nda; Suriye d\u0131\u015f\u0131na gitmek isteyen t\u00fcm ya\u015flardaki vatanda\u015flar\u0131n \u015eam\u2019da a\u00e7\u0131lan 4 \u00f6zel merkezde koronavir\u00fcs te\u015fhisi prosed\u00fcrlerinden faydalanabileceklerini belirtti.<\/p>\n<p>\u00c7eviri: P.M.<\/p>\n","protected":false},"excerpt":{"rendered":"<p>\u015eAM \u2013 Sa\u011fl\u0131k Bakanl\u0131\u011f\u0131 yurtd\u0131\u015f\u0131na gitmek isteyen \u00e7ocuklar dahil t\u00fcm ya\u015flardaki vatanda\u015flar i\u00e7in koronavir\u00fcs te\u015fhisi prosed\u00fcrlerini sa\u011flayaca\u011f\u0131n\u0131 a\u00e7\u0131klad\u0131. Bakanl\u0131\u011f\u0131n bug\u00fcn yay\u0131nlad\u0131\u011f\u0131 beyan\u0131nda; Suriye d\u0131\u015f\u0131na gitmek isteyen t\u00fcm ya\u015flardaki vatanda\u015flar\u0131n \u015eam\u2019da a\u00e7\u0131lan 4 \u00f6zel merkezde koronavir\u00fcs te\u015fhisi prosed\u00fcrlerinden faydalanabileceklerini belirtti. \u00c7eviri: P.M.<\/p>\n","protected":false},"author":1,"featured_media":214537,"comment_status":"closed","ping_status":"closed","sticky":false,"template":"","format":"standard","meta":{"footnotes":""},"categories":[479,17988,478],"tags":[],"class_list":["post-214536","post","type-post","status-publish","format-standard","has-post-thumbnail","","category-haberler-yerel","category-son-haberler","category-yerel"],"_links":{"self":[{"href":"https:\/\/archive.sana.sy\/tr\/index.php?rest_route=\/wp\/v2\/posts\/214536","targetHints":{"allow":["GET"]}}],"collection":[{"href":"https:\/\/archive.sana.sy\/tr\/index.php?rest_route=\/wp\/v2\/posts"}],"about":[{"href":"https:\/\/archive.sana.sy\/tr\/index.php?rest_route=\/wp\/v2\/types\/post"}],"author":[{"embeddable":true,"href":"https:\/\/archive.sana.sy\/tr\/index.php?rest_route=\/wp\/v2\/users\/1"}],"replies":[{"embeddable":true,"href":"https:\/\/archive.sana.sy\/tr\/index.php?rest_route=%2Fwp%2Fv2%2Fcomments&post=214536"}],"version-history":[{"count":0,"href":"https:\/\/archive.sana.sy\/tr\/index.php?rest_route=\/wp\/v2\/posts\/214536\/revisions"}],"wp:featuredmedia":[{"embeddable":true,"href":"https:\/\/archive.sana.sy\/tr\/index.php?rest_route=\/wp\/v2\/media\/214537"}],"wp:attachment":[{"href":"https:\/\/archive.sana.sy\/tr\/index.php?rest_route=%2Fwp%2Fv2%2Fmedia&parent=214536"}],"wp:term":[{"taxonomy":"category","embeddable":true,"href":"https:\/\/archive.sana.sy\/tr\/index.php?rest_route=%2Fwp%2Fv2%2Fcategories&post=214536"},{"taxonomy":"post_tag","embeddable":true,"href":"https:\/\/archive.sana.sy\/tr\/index.php?rest_route=%2Fwp%2Fv2%2Ftags&post=214536"}],"curies":[{"name":"wp","href":"https:\/\/api.w.org\/{rel}","templated":true}]}}