{"id":214576,"date":"2020-07-22T16:42:33","date_gmt":"2020-07-22T13:42:33","guid":{"rendered":"http:\/\/www.sana.sy\/tr\/?p=214576"},"modified":"2020-07-22T16:42:33","modified_gmt":"2020-07-22T13:42:33","slug":"saglik-bakanligi-tescil-edilen-koronavirus-vakalardan-biri-vefat-ederek-ulkede-koronavirusten-vefat-sayisi-32e-yukseldi","status":"publish","type":"post","link":"https:\/\/archive.sana.sy\/tr\/?p=214576","title":{"rendered":"Sa\u011fl\u0131k Bakanl\u0131\u011f\u0131: Tescil edilen koronavir\u00fcs vakalardan biri vefat ederek \u00fclkede koronavir\u00fcsten vefat say\u0131s\u0131 32\u2019e y\u00fckseldi.."},"content":{"rendered":"<p>Sa\u011fl\u0131k Bakanl\u0131\u011f\u0131: Tescil edilen koronavir\u00fcs vakalardan biri vefat ederek \u00fclkede koronavir\u00fcsten vefat say\u0131s\u0131 32\u2019e y\u00fckseldi..<\/p>\n","protected":false},"excerpt":{"rendered":"<p>Sa\u011fl\u0131k Bakanl\u0131\u011f\u0131: Tescil edilen koronavir\u00fcs vakalardan biri vefat ederek \u00fclkede koronavir\u00fcsten vefat say\u0131s\u0131 32\u2019e y\u00fckseldi..<\/p>\n","protected":false},"author":1,"featured_media":0,"comment_status":"closed","ping_status":"closed","sticky":false,"template":"","format":"standard","meta":{"footnotes":""},"categories":[17991],"tags":[],"class_list":["post-214576","post","type-post","status-publish","format-standard","","category-son-dakika"],"_links":{"self":[{"href":"https:\/\/archive.sana.sy\/tr\/index.php?rest_route=\/wp\/v2\/posts\/214576","targetHints":{"allow":["GET"]}}],"collection":[{"href":"https:\/\/archive.sana.sy\/tr\/index.php?rest_route=\/wp\/v2\/posts"}],"about":[{"href":"https:\/\/archive.sana.sy\/tr\/index.php?rest_route=\/wp\/v2\/types\/post"}],"author":[{"embeddable":true,"href":"https:\/\/archive.sana.sy\/tr\/index.php?rest_route=\/wp\/v2\/users\/1"}],"replies":[{"embeddable":true,"href":"https:\/\/archive.sana.sy\/tr\/index.php?rest_route=%2Fwp%2Fv2%2Fcomments&post=214576"}],"version-history":[{"count":0,"href":"https:\/\/archive.sana.sy\/tr\/index.php?rest_route=\/wp\/v2\/posts\/214576\/revisions"}],"wp:attachment":[{"href":"https:\/\/archive.sana.sy\/tr\/index.php?rest_route=%2Fwp%2Fv2%2Fmedia&parent=214576"}],"wp:term":[{"taxonomy":"category","embeddable":true,"href":"https:\/\/archive.sana.sy\/tr\/index.php?rest_route=%2Fwp%2Fv2%2Fcategories&post=214576"},{"taxonomy":"post_tag","embeddable":true,"href":"https:\/\/archive.sana.sy\/tr\/index.php?rest_route=%2Fwp%2Fv2%2Ftags&post=214576"}],"curies":[{"name":"wp","href":"https:\/\/api.w.org\/{rel}","templated":true}]}}