{"id":214578,"date":"2020-07-22T16:56:13","date_gmt":"2020-07-22T13:56:13","guid":{"rendered":"http:\/\/www.sana.sy\/tr\/?p=214578"},"modified":"2020-07-23T14:14:51","modified_gmt":"2020-07-23T11:14:51","slug":"saglik-bakanligi-yeni-21-vaka-5-iyilesen-ve-1-vefat-vakasi-tescil-edildi","status":"publish","type":"post","link":"https:\/\/archive.sana.sy\/tr\/?p=214578","title":{"rendered":"Sa\u011fl\u0131k Bakanl\u0131\u011f\u0131: Yeni 21 Vaka, 5 \u0130yile\u015fen ve 1 Vefat Vakas\u0131 Tescil Edildi"},"content":{"rendered":"<p>\u015eAM \u2013 Sa\u011fl\u0131k Bakanl\u0131\u011f\u0131 bug\u00fcn, yeni 21 koronavir\u00fcs vakalar\u0131n tescil edildi\u011fini, 5 vakan\u0131n iyile\u015fti\u011fini ve 1 vakan\u0131n vefat etti\u011fini a\u00e7\u0131klad\u0131.<\/p>\n<p>Sa\u011fl\u0131k Bakanl\u0131\u011f\u0131 bug\u00fcn yay\u0131nlad\u0131\u011f\u0131 beyanda; yeni 21 koronavir\u00fcs vakan\u0131n tescil edildi\u011fini, 5 vakan\u0131n iyile\u015fti\u011fini ve 1 vakan\u0131n vefat etti\u011fini a\u00e7\u0131klarken, bug\u00fcne kadar \u00fclkede tescil edilen vakalar\u0131n 561\u2019e ula\u015ft\u0131\u011f\u0131n\u0131, toplam 165 vakan\u0131n iyile\u015fti\u011fini ve toplam 32 vakan\u0131n vefat etti\u011fini belirtti.<\/p>\n<p>\u00c7eviri: P.M.<\/p>\n","protected":false},"excerpt":{"rendered":"<p>\u015eAM \u2013 Sa\u011fl\u0131k Bakanl\u0131\u011f\u0131 bug\u00fcn, yeni 21 koronavir\u00fcs vakalar\u0131n tescil edildi\u011fini, 5 vakan\u0131n iyile\u015fti\u011fini ve 1 vakan\u0131n vefat etti\u011fini a\u00e7\u0131klad\u0131. Sa\u011fl\u0131k Bakanl\u0131\u011f\u0131 bug\u00fcn yay\u0131nlad\u0131\u011f\u0131 beyanda; yeni 21 koronavir\u00fcs vakan\u0131n tescil edildi\u011fini, 5 vakan\u0131n iyile\u015fti\u011fini ve 1 vakan\u0131n vefat etti\u011fini a\u00e7\u0131klarken, bug\u00fcne kadar \u00fclkede tescil edilen vakalar\u0131n 561\u2019e ula\u015ft\u0131\u011f\u0131n\u0131, toplam 165 vakan\u0131n iyile\u015fti\u011fini ve toplam 32 &hellip;<\/p>\n","protected":false},"author":1,"featured_media":214586,"comment_status":"closed","ping_status":"closed","sticky":false,"template":"","format":"standard","meta":{"footnotes":""},"categories":[479,17988,478],"tags":[],"class_list":["post-214578","post","type-post","status-publish","format-standard","has-post-thumbnail","","category-haberler-yerel","category-son-haberler","category-yerel"],"_links":{"self":[{"href":"https:\/\/archive.sana.sy\/tr\/index.php?rest_route=\/wp\/v2\/posts\/214578","targetHints":{"allow":["GET"]}}],"collection":[{"href":"https:\/\/archive.sana.sy\/tr\/index.php?rest_route=\/wp\/v2\/posts"}],"about":[{"href":"https:\/\/archive.sana.sy\/tr\/index.php?rest_route=\/wp\/v2\/types\/post"}],"author":[{"embeddable":true,"href":"https:\/\/archive.sana.sy\/tr\/index.php?rest_route=\/wp\/v2\/users\/1"}],"replies":[{"embeddable":true,"href":"https:\/\/archive.sana.sy\/tr\/index.php?rest_route=%2Fwp%2Fv2%2Fcomments&post=214578"}],"version-history":[{"count":0,"href":"https:\/\/archive.sana.sy\/tr\/index.php?rest_route=\/wp\/v2\/posts\/214578\/revisions"}],"wp:featuredmedia":[{"embeddable":true,"href":"https:\/\/archive.sana.sy\/tr\/index.php?rest_route=\/wp\/v2\/media\/214586"}],"wp:attachment":[{"href":"https:\/\/archive.sana.sy\/tr\/index.php?rest_route=%2Fwp%2Fv2%2Fmedia&parent=214578"}],"wp:term":[{"taxonomy":"category","embeddable":true,"href":"https:\/\/archive.sana.sy\/tr\/index.php?rest_route=%2Fwp%2Fv2%2Fcategories&post=214578"},{"taxonomy":"post_tag","embeddable":true,"href":"https:\/\/archive.sana.sy\/tr\/index.php?rest_route=%2Fwp%2Fv2%2Ftags&post=214578"}],"curies":[{"name":"wp","href":"https:\/\/api.w.org\/{rel}","templated":true}]}}