{"id":214590,"date":"2020-07-22T21:33:10","date_gmt":"2020-07-22T18:33:10","guid":{"rendered":"http:\/\/sana.sy\/tr\/?p=214590"},"modified":"2020-07-23T13:10:21","modified_gmt":"2020-07-23T10:10:21","slug":"teror-sonucunda-zarar-goren-iletisim-hizmetleri-merkez-binasi-yeniden-hizmete-girdi","status":"publish","type":"post","link":"https:\/\/archive.sana.sy\/tr\/?p=214590","title":{"rendered":"Ter\u00f6r Sonucunda Zarar G\u00f6ren \u0130leti\u015fim Hizmetleri Merkez Binas\u0131 Yeniden Hizmete Girdi"},"content":{"rendered":"<p style=\"text-align: justify;\">TEDMUR &#8211; Homs&#8217;taki Suriye Telekom \u015eirketi \u015fubesindeki teknik at\u00f6lyeler, Suriye Arap Ordusu kahramanlar\u0131 taraf\u0131ndan \u015fehirden defedilmelerinden \u00f6nce &#8220;I\u015e\u0130D&#8221; ter\u00f6r \u00f6rg\u00fct\u00fcn\u00fcn ter\u00f6rist sald\u0131r\u0131lar\u0131 sonucunda tahrip edilen Palmyra \u0130leti\u015fim Servis Merkezi binas\u0131n\u0131n restorasyon ve rehabilitasyon \u00e7al\u0131\u015fmalar\u0131n\u0131 tamamlad\u0131.<\/p>\n<p style=\"text-align: justify;\">Palmyra \u00c7a\u011fr\u0131 Merkezi ba\u015fkan\u0131 Muhammed Salih bug\u00fcn SANA muhabirine yapt\u0131\u011f\u0131 a\u00e7\u0131klamada, projenin toplam maliyetinin yakla\u015f\u0131k 58 milyon lira oldu\u011funu, bina i\u00e7in gerekli t\u00fcm in\u015faat i\u015flerinin tamamland\u0131\u011f\u0131n\u0131 ve teknik salonlar\u0131n, idari ofislerin, sa\u011fl\u0131k tesislerinin ve binan\u0131n \u00f6n\u00fcnde kald\u0131r\u0131m i\u015flerinin restorasyonunu i\u00e7erdi\u011fini s\u00f6yledi.<\/p>\n<p style=\"text-align: justify;\">Salih, Merkezde ayr\u0131ca 500 internet ge\u00e7idi bar\u0131nd\u0131rabilen &#8220;ADSL&#8221; hizmet birimi yan\u0131 s\u0131ra bin telefon hatt\u0131 kapasiteli bir \u0131\u015f\u0131k eri\u015fim \u00fcnitesi bulundu\u011funu da belirtti.<\/p>\n","protected":false},"excerpt":{"rendered":"<p>TEDMUR &#8211; Homs&#8217;taki Suriye Telekom \u015eirketi \u015fubesindeki teknik at\u00f6lyeler, Suriye Arap Ordusu kahramanlar\u0131 taraf\u0131ndan \u015fehirden defedilmelerinden \u00f6nce &#8220;I\u015e\u0130D&#8221; ter\u00f6r \u00f6rg\u00fct\u00fcn\u00fcn ter\u00f6rist sald\u0131r\u0131lar\u0131 sonucunda tahrip edilen Palmyra \u0130leti\u015fim Servis Merkezi binas\u0131n\u0131n restorasyon ve rehabilitasyon \u00e7al\u0131\u015fmalar\u0131n\u0131 tamamlad\u0131. Palmyra \u00c7a\u011fr\u0131 Merkezi ba\u015fkan\u0131 Muhammed Salih bug\u00fcn SANA muhabirine yapt\u0131\u011f\u0131 a\u00e7\u0131klamada, projenin toplam maliyetinin yakla\u015f\u0131k 58 milyon lira oldu\u011funu, bina &hellip;<\/p>\n","protected":false},"author":1,"featured_media":214591,"comment_status":"closed","ping_status":"closed","sticky":false,"template":"","format":"standard","meta":{"footnotes":""},"categories":[458,526,459,479,17988,525,478],"tags":[],"class_list":["post-214590","post","type-post","status-publish","format-standard","has-post-thumbnail","","category-dunya1","category-haber-ve-raporlar","category-haberler-arap-uluslararasi-politika","category-haberler-yerel","category-son-haberler","category-toplum","category-yerel"],"_links":{"self":[{"href":"https:\/\/archive.sana.sy\/tr\/index.php?rest_route=\/wp\/v2\/posts\/214590","targetHints":{"allow":["GET"]}}],"collection":[{"href":"https:\/\/archive.sana.sy\/tr\/index.php?rest_route=\/wp\/v2\/posts"}],"about":[{"href":"https:\/\/archive.sana.sy\/tr\/index.php?rest_route=\/wp\/v2\/types\/post"}],"author":[{"embeddable":true,"href":"https:\/\/archive.sana.sy\/tr\/index.php?rest_route=\/wp\/v2\/users\/1"}],"replies":[{"embeddable":true,"href":"https:\/\/archive.sana.sy\/tr\/index.php?rest_route=%2Fwp%2Fv2%2Fcomments&post=214590"}],"version-history":[{"count":0,"href":"https:\/\/archive.sana.sy\/tr\/index.php?rest_route=\/wp\/v2\/posts\/214590\/revisions"}],"wp:featuredmedia":[{"embeddable":true,"href":"https:\/\/archive.sana.sy\/tr\/index.php?rest_route=\/wp\/v2\/media\/214591"}],"wp:attachment":[{"href":"https:\/\/archive.sana.sy\/tr\/index.php?rest_route=%2Fwp%2Fv2%2Fmedia&parent=214590"}],"wp:term":[{"taxonomy":"category","embeddable":true,"href":"https:\/\/archive.sana.sy\/tr\/index.php?rest_route=%2Fwp%2Fv2%2Fcategories&post=214590"},{"taxonomy":"post_tag","embeddable":true,"href":"https:\/\/archive.sana.sy\/tr\/index.php?rest_route=%2Fwp%2Fv2%2Ftags&post=214590"}],"curies":[{"name":"wp","href":"https:\/\/api.w.org\/{rel}","templated":true}]}}