{"id":214593,"date":"2020-07-22T21:37:05","date_gmt":"2020-07-22T18:37:05","guid":{"rendered":"http:\/\/sana.sy\/tr\/?p=214593"},"modified":"2020-07-23T13:10:24","modified_gmt":"2020-07-23T10:10:24","slug":"terorizmden-zarar-goren-turizm-isletmelerinin-yapi-ruhsatlarindan-muaf-tutuluyor","status":"publish","type":"post","link":"https:\/\/archive.sana.sy\/tr\/?p=214593","title":{"rendered":"Ter\u00f6rizmden Zarar G\u00f6ren Turizm \u0130\u015fletmelerinin Yap\u0131 Ruhsatlar\u0131ndan Muaf Tutuluyor"},"content":{"rendered":"<p style=\"text-align: justify;\">\u015eAM &#8211; Turizm Y\u00fcksek Konseyi, ter\u00f6rist sald\u0131r\u0131lardan zarar g\u00f6ren turizm projelerinin ek vergiler dahil olmak \u00fczere bina ruhsatlar\u0131 vergilerinden muaf tutulmas\u0131n\u0131 sa\u011flayan bir karar \u00e7\u0131kard\u0131.<\/p>\n<p style=\"text-align: justify;\">Bug\u00fcn yapt\u0131\u011f\u0131 a\u00e7\u0131klamada ve SANA&#8217;n\u0131n bir kopyas\u0131n\u0131 ald\u0131\u011f\u0131 Turizm Bakanl\u0131\u011f\u0131, karar\u0131n yat\u0131r\u0131mc\u0131n\u0131n karar\u0131n yay\u0131nlanmas\u0131ndan sonraki bir y\u0131l i\u00e7inde in\u015faat ve onar\u0131m i\u015flerini \u00fcstlendi\u011fini, yat\u0131r\u0131m i\u015fini ve verilen alanlar\u0131, ilgili idari birimlerle koordineli bir \u015fekilde komas\u0131 gerekti\u011fini belirtti.<\/p>\n<p style=\"text-align: justify;\">Karar, yat\u0131r\u0131mc\u0131n\u0131n karar tarihinden itibaren iki y\u0131l i\u00e7inde rehabilitasyon yapmas\u0131 \u015fart\u0131yla, daha \u00f6nce sabotaj faaliyetlerine maruz kalmadan \u00f6nce verilen vergi muafiyet s\u00fcresini tamamlamak i\u00e7in hasarl\u0131 ve ask\u0131ya al\u0131nm\u0131\u015f zorunlu gece tesislerinin verilmesini i\u00e7eriyor.<\/p>\n<p style=\"text-align: justify;\">Karar ayr\u0131ca, idari birimde ve valilikteki turizm m\u00fcd\u00fcrl\u00fc\u011f\u00fcnde yap\u0131lan fiziki muayeneye ve idari birimde haz\u0131rlanan fiziki muayeneye dayanarak, yenileme ve rehabilitasyon \u00e7al\u0131\u015fmalar\u0131na y\u00f6nelik ter\u00f6rist eylemler sonucu hasar g\u00f6rm\u00fc\u015f ve zorla kaybedilen i\u015fletmelerin ithalat\u0131 i\u00e7in g\u00fcmr\u00fck vergilerinin muafiyetine izin verdi.<\/p>\n","protected":false},"excerpt":{"rendered":"<p>\u015eAM &#8211; Turizm Y\u00fcksek Konseyi, ter\u00f6rist sald\u0131r\u0131lardan zarar g\u00f6ren turizm projelerinin ek vergiler dahil olmak \u00fczere bina ruhsatlar\u0131 vergilerinden muaf tutulmas\u0131n\u0131 sa\u011flayan bir karar \u00e7\u0131kard\u0131. Bug\u00fcn yapt\u0131\u011f\u0131 a\u00e7\u0131klamada ve SANA&#8217;n\u0131n bir kopyas\u0131n\u0131 ald\u0131\u011f\u0131 Turizm Bakanl\u0131\u011f\u0131, karar\u0131n yat\u0131r\u0131mc\u0131n\u0131n karar\u0131n yay\u0131nlanmas\u0131ndan sonraki bir y\u0131l i\u00e7inde in\u015faat ve onar\u0131m i\u015flerini \u00fcstlendi\u011fini, yat\u0131r\u0131m i\u015fini ve verilen alanlar\u0131, ilgili idari &hellip;<\/p>\n","protected":false},"author":1,"featured_media":214594,"comment_status":"closed","ping_status":"closed","sticky":false,"template":"","format":"standard","meta":{"footnotes":""},"categories":[485,526,486,479,17988,525,478],"tags":[],"class_list":["post-214593","post","type-post","status-publish","format-standard","has-post-thumbnail","","category-is-ve-sermaye","category-haber-ve-raporlar","category-haberler-is-ve-sermaye","category-haberler-yerel","category-son-haberler","category-toplum","category-yerel"],"_links":{"self":[{"href":"https:\/\/archive.sana.sy\/tr\/index.php?rest_route=\/wp\/v2\/posts\/214593","targetHints":{"allow":["GET"]}}],"collection":[{"href":"https:\/\/archive.sana.sy\/tr\/index.php?rest_route=\/wp\/v2\/posts"}],"about":[{"href":"https:\/\/archive.sana.sy\/tr\/index.php?rest_route=\/wp\/v2\/types\/post"}],"author":[{"embeddable":true,"href":"https:\/\/archive.sana.sy\/tr\/index.php?rest_route=\/wp\/v2\/users\/1"}],"replies":[{"embeddable":true,"href":"https:\/\/archive.sana.sy\/tr\/index.php?rest_route=%2Fwp%2Fv2%2Fcomments&post=214593"}],"version-history":[{"count":0,"href":"https:\/\/archive.sana.sy\/tr\/index.php?rest_route=\/wp\/v2\/posts\/214593\/revisions"}],"wp:featuredmedia":[{"embeddable":true,"href":"https:\/\/archive.sana.sy\/tr\/index.php?rest_route=\/wp\/v2\/media\/214594"}],"wp:attachment":[{"href":"https:\/\/archive.sana.sy\/tr\/index.php?rest_route=%2Fwp%2Fv2%2Fmedia&parent=214593"}],"wp:term":[{"taxonomy":"category","embeddable":true,"href":"https:\/\/archive.sana.sy\/tr\/index.php?rest_route=%2Fwp%2Fv2%2Fcategories&post=214593"},{"taxonomy":"post_tag","embeddable":true,"href":"https:\/\/archive.sana.sy\/tr\/index.php?rest_route=%2Fwp%2Fv2%2Ftags&post=214593"}],"curies":[{"name":"wp","href":"https:\/\/api.w.org\/{rel}","templated":true}]}}