{"id":214596,"date":"2020-07-22T21:45:36","date_gmt":"2020-07-22T18:45:36","guid":{"rendered":"http:\/\/sana.sy\/tr\/?p=214596"},"modified":"2020-07-23T13:10:30","modified_gmt":"2020-07-23T10:10:30","slug":"beraberce-yuruyecegiz-sam-kirsali-tgcaret-odasi-maliyet-fiyatina-satislar-yapma-inisiyatifi","status":"publish","type":"post","link":"https:\/\/archive.sana.sy\/tr\/?p=214596","title":{"rendered":"Beraberce Y\u00fcr\u00fcyece\u011fiz.. \u015eam K\u0131rsal\u0131 T\u011fcaret Odas\u0131 Maliyet Fiyat\u0131na Sat\u0131\u015flar Yapma \u0130nisiyatifi"},"content":{"rendered":"<p style=\"text-align: justify;\">\u015eAM &#8211; H\u00fck\u00fcmetin, arabuluculuk halkalar\u0131n\u0131 k\u0131rarak vatanda\u015flar i\u00e7in temel ve beslenme malzemelerini d\u00fc\u015f\u00fck fiyatlarla g\u00fcvence alt\u0131na almay\u0131 ama\u00e7layan bir dizi pazar ve sat\u0131\u015f merkezleri a\u00e7ma y\u00f6nergesine cevaben \u015eam K\u0131rsal\u0131 Ticaret Odas\u0131, ilk inisiyatifi olarak Abbasin Garajlar\u0131nda &#8220;Beraberce Y\u00fcr\u00fcyece\u011fiz&#8221; ba\u015fl\u0131\u011f\u0131 alt\u0131nda piyasaya s\u00fcrd\u00fc.<\/p>\n<p style=\"text-align: justify;\">Piyasa, d\u00fc\u015f\u00fck fiyatlarla \u015feker, ya\u011f, margarin, konserve g\u0131da, konserve \u00fcr\u00fcnler, deterjanlar vb. gibi temel g\u0131da maddelerini i\u00e7ermektedir. G\u00f6rveli Musa Haf\u0131z, pazar yerinin, i\u015fini b\u0131rak\u0131p di\u011fer pazarlara gitmek zorunda kalmadan ihtiya\u00e7lar\u0131n\u0131 kar\u015f\u0131lamas\u0131n\u0131 sa\u011flad\u0131\u011f\u0131n\u0131 belirtirken, Adra i\u015f\u00e7i banliy\u00f6s\u00fc ahalisinden Kutayba Ramadan, halk pazar\u0131ndaki fiyatlar\u0131n \u00e7ok iyi oldu\u011funu, pazarda 1200 liraya sat\u0131lan \u015fekeri 1050 liaradan sat\u0131n ald\u0131\u011f\u0131n\u0131 ifade etti.<\/p>\n<p style=\"text-align: justify;\">\u015eam K\u0131rsal Ticaret Odas\u0131&#8217;ndan Mazen Hasan Hazin, bu giri\u015fimin, \u00f6zellikle vatanda\u015f\u0131n ihtiya\u00e7lar\u0131n\u0131 sat\u0131n alabilece\u011fi ve do\u011frudan garajlar arac\u0131l\u0131\u011f\u0131yla evine gidebilece\u011fini belirterek, \u015eam ve \u015eam K\u0131rsal\u0131 illerinin giri\u015f yerlerinde, vatanda\u015flara maliyetine \u015fat\u0131\u015f yapmak i\u00e7in daha fazla pazar a\u00e7maya y\u00f6nelik bir \u00e7al\u0131\u015fman\u0131n bulundu\u011funa i\u015faret etti.<\/p>\n","protected":false},"excerpt":{"rendered":"<p>\u015eAM &#8211; H\u00fck\u00fcmetin, arabuluculuk halkalar\u0131n\u0131 k\u0131rarak vatanda\u015flar i\u00e7in temel ve beslenme malzemelerini d\u00fc\u015f\u00fck fiyatlarla g\u00fcvence alt\u0131na almay\u0131 ama\u00e7layan bir dizi pazar ve sat\u0131\u015f merkezleri a\u00e7ma y\u00f6nergesine cevaben \u015eam K\u0131rsal\u0131 Ticaret Odas\u0131, ilk inisiyatifi olarak Abbasin Garajlar\u0131nda &#8220;Beraberce Y\u00fcr\u00fcyece\u011fiz&#8221; ba\u015fl\u0131\u011f\u0131 alt\u0131nda piyasaya s\u00fcrd\u00fc. Piyasa, d\u00fc\u015f\u00fck fiyatlarla \u015feker, ya\u011f, margarin, konserve g\u0131da, konserve \u00fcr\u00fcnler, deterjanlar vb. gibi &hellip;<\/p>\n","protected":false},"author":1,"featured_media":214597,"comment_status":"closed","ping_status":"closed","sticky":false,"template":"","format":"standard","meta":{"footnotes":""},"categories":[485,479,541,486,17988,538,478],"tags":[],"class_list":["post-214596","post","type-post","status-publish","format-standard","has-post-thumbnail","","category-is-ve-sermaye","category-haberler-yerel","category-haberler","category-haberler-is-ve-sermaye","category-son-haberler","category-yasam","category-yerel"],"_links":{"self":[{"href":"https:\/\/archive.sana.sy\/tr\/index.php?rest_route=\/wp\/v2\/posts\/214596","targetHints":{"allow":["GET"]}}],"collection":[{"href":"https:\/\/archive.sana.sy\/tr\/index.php?rest_route=\/wp\/v2\/posts"}],"about":[{"href":"https:\/\/archive.sana.sy\/tr\/index.php?rest_route=\/wp\/v2\/types\/post"}],"author":[{"embeddable":true,"href":"https:\/\/archive.sana.sy\/tr\/index.php?rest_route=\/wp\/v2\/users\/1"}],"replies":[{"embeddable":true,"href":"https:\/\/archive.sana.sy\/tr\/index.php?rest_route=%2Fwp%2Fv2%2Fcomments&post=214596"}],"version-history":[{"count":0,"href":"https:\/\/archive.sana.sy\/tr\/index.php?rest_route=\/wp\/v2\/posts\/214596\/revisions"}],"wp:featuredmedia":[{"embeddable":true,"href":"https:\/\/archive.sana.sy\/tr\/index.php?rest_route=\/wp\/v2\/media\/214597"}],"wp:attachment":[{"href":"https:\/\/archive.sana.sy\/tr\/index.php?rest_route=%2Fwp%2Fv2%2Fmedia&parent=214596"}],"wp:term":[{"taxonomy":"category","embeddable":true,"href":"https:\/\/archive.sana.sy\/tr\/index.php?rest_route=%2Fwp%2Fv2%2Fcategories&post=214596"},{"taxonomy":"post_tag","embeddable":true,"href":"https:\/\/archive.sana.sy\/tr\/index.php?rest_route=%2Fwp%2Fv2%2Ftags&post=214596"}],"curies":[{"name":"wp","href":"https:\/\/api.w.org\/{rel}","templated":true}]}}