{"id":214599,"date":"2020-07-22T21:52:33","date_gmt":"2020-07-22T18:52:33","guid":{"rendered":"http:\/\/sana.sy\/tr\/?p=214599"},"modified":"2020-07-23T13:10:30","modified_gmt":"2020-07-23T10:10:30","slug":"dsg-gruplari-bir-telefon-merkezi-binasinin-bir-bolumunu-yeniden-istila-etti","status":"publish","type":"post","link":"https:\/\/archive.sana.sy\/tr\/?p=214599","title":{"rendered":"DSG Gruplar\u0131 Bir Telefon Merkezi Binas\u0131n\u0131n Bir B\u00f6l\u00fcm\u00fcn\u00fc Yeniden \u0130stila Etti"},"content":{"rendered":"<p style=\"text-align: justify;\">HASEKE \u2013 Amerikan i\u015fgal kuvvetleri taraf\u0131ndan destekli s\u00f6zde Demokratik Suriye G\u00fc\u00e7leri (DSG) gruplar\u0131, Haseke kuzey k\u0131rsal\u0131ndak\u015f Safiya Telefon Merkez Binas\u0131n\u0131n bir b\u00f6l\u00fcm\u00fcn\u00fc yeniden istila etti.<\/p>\n<p style=\"text-align: justify;\">SANA muhabirine a\u00e7\u0131klamas\u0131nda Suriye \u0130leti\u015fim \u015eirketi \u015eube M\u00fcd\u00fcr\u00fc Dr. Cemil Bilal, DSG gruplar\u0131ndan elemanlar\u0131n Haseke&#8217;nin 13 km kuzeyinde yer alan Safiya \u0130leti\u015fim Merkezi binas\u0131n\u0131n bir b\u00f6l\u00fcm\u00fcn\u00fc istila ettiklerini, bunun da b\u00f6lgede hizmet sunma i\u015flerini durdurmaya sebebiyet verdi\u011fini belirtti.<\/p>\n","protected":false},"excerpt":{"rendered":"<p>HASEKE \u2013 Amerikan i\u015fgal kuvvetleri taraf\u0131ndan destekli s\u00f6zde Demokratik Suriye G\u00fc\u00e7leri (DSG) gruplar\u0131, Haseke kuzey k\u0131rsal\u0131ndak\u015f Safiya Telefon Merkez Binas\u0131n\u0131n bir b\u00f6l\u00fcm\u00fcn\u00fc yeniden istila etti. SANA muhabirine a\u00e7\u0131klamas\u0131nda Suriye \u0130leti\u015fim \u015eirketi \u015eube M\u00fcd\u00fcr\u00fc Dr. Cemil Bilal, DSG gruplar\u0131ndan elemanlar\u0131n Haseke&#8217;nin 13 km kuzeyinde yer alan Safiya \u0130leti\u015fim Merkezi binas\u0131n\u0131n bir b\u00f6l\u00fcm\u00fcn\u00fc istila ettiklerini, bunun da &hellip;<\/p>\n","protected":false},"author":1,"featured_media":214600,"comment_status":"closed","ping_status":"closed","sticky":false,"template":"","format":"standard","meta":{"footnotes":""},"categories":[479,575,17988,478],"tags":[],"class_list":["post-214599","post","type-post","status-publish","format-standard","has-post-thumbnail","","category-haberler-yerel","category-olaylar-ve-gercekler","category-son-haberler","category-yerel"],"_links":{"self":[{"href":"https:\/\/archive.sana.sy\/tr\/index.php?rest_route=\/wp\/v2\/posts\/214599","targetHints":{"allow":["GET"]}}],"collection":[{"href":"https:\/\/archive.sana.sy\/tr\/index.php?rest_route=\/wp\/v2\/posts"}],"about":[{"href":"https:\/\/archive.sana.sy\/tr\/index.php?rest_route=\/wp\/v2\/types\/post"}],"author":[{"embeddable":true,"href":"https:\/\/archive.sana.sy\/tr\/index.php?rest_route=\/wp\/v2\/users\/1"}],"replies":[{"embeddable":true,"href":"https:\/\/archive.sana.sy\/tr\/index.php?rest_route=%2Fwp%2Fv2%2Fcomments&post=214599"}],"version-history":[{"count":0,"href":"https:\/\/archive.sana.sy\/tr\/index.php?rest_route=\/wp\/v2\/posts\/214599\/revisions"}],"wp:featuredmedia":[{"embeddable":true,"href":"https:\/\/archive.sana.sy\/tr\/index.php?rest_route=\/wp\/v2\/media\/214600"}],"wp:attachment":[{"href":"https:\/\/archive.sana.sy\/tr\/index.php?rest_route=%2Fwp%2Fv2%2Fmedia&parent=214599"}],"wp:term":[{"taxonomy":"category","embeddable":true,"href":"https:\/\/archive.sana.sy\/tr\/index.php?rest_route=%2Fwp%2Fv2%2Fcategories&post=214599"},{"taxonomy":"post_tag","embeddable":true,"href":"https:\/\/archive.sana.sy\/tr\/index.php?rest_route=%2Fwp%2Fv2%2Ftags&post=214599"}],"curies":[{"name":"wp","href":"https:\/\/api.w.org\/{rel}","templated":true}]}}