{"id":214631,"date":"2020-07-23T13:59:55","date_gmt":"2020-07-23T10:59:55","guid":{"rendered":"http:\/\/www.sana.sy\/tr\/?p=214631"},"modified":"2020-07-24T16:17:17","modified_gmt":"2020-07-24T13:17:17","slug":"bakanlar-kurulundan-korona-salginina-karsi-yeni-tedbirler","status":"publish","type":"post","link":"https:\/\/archive.sana.sy\/tr\/?p=214631","title":{"rendered":"Bakanlar Kurulundan Korona Salg\u0131n\u0131na Kar\u015f\u0131 Yeni Tedbirler"},"content":{"rendered":"<p>\u015eAM \u2013 Bakanlar Kurulu bug\u00fcn, 24 Temmuz Cuma g\u00fcn\u00fcnden itibaren korona salg\u0131n\u0131n\u0131n yay\u0131lmas\u0131n\u0131 s\u0131n\u0131rlamak i\u00e7in al\u0131nan tedbirler \u00e7er\u00e7evesinde illerdeki t\u00fcm etkinlik salonlar\u0131n\u0131 (d\u00fc\u011f\u00fcn -cenaze) kapatmaya karar verdi.<\/p>\n<p>Bakanlar Kurulu ayr\u0131ca, bakanl\u0131klara koronavir\u00fcs\u00fcn yay\u0131lmas\u0131n\u0131 \u00f6nlemek i\u00e7in daha fazla tedbir almalar\u0131 talimat\u0131n\u0131 verdi.<\/p>\n<p>P.M.<\/p>\n","protected":false},"excerpt":{"rendered":"<p>\u015eAM \u2013 Bakanlar Kurulu bug\u00fcn, 24 Temmuz Cuma g\u00fcn\u00fcnden itibaren korona salg\u0131n\u0131n\u0131n yay\u0131lmas\u0131n\u0131 s\u0131n\u0131rlamak i\u00e7in al\u0131nan tedbirler \u00e7er\u00e7evesinde illerdeki t\u00fcm etkinlik salonlar\u0131n\u0131 (d\u00fc\u011f\u00fcn -cenaze) kapatmaya karar verdi. Bakanlar Kurulu ayr\u0131ca, bakanl\u0131klara koronavir\u00fcs\u00fcn yay\u0131lmas\u0131n\u0131 \u00f6nlemek i\u00e7in daha fazla tedbir almalar\u0131 talimat\u0131n\u0131 verdi. P.M.<\/p>\n","protected":false},"author":1,"featured_media":214633,"comment_status":"closed","ping_status":"closed","sticky":false,"template":"","format":"standard","meta":{"footnotes":""},"categories":[479,17988,478],"tags":[],"class_list":["post-214631","post","type-post","status-publish","format-standard","has-post-thumbnail","","category-haberler-yerel","category-son-haberler","category-yerel"],"_links":{"self":[{"href":"https:\/\/archive.sana.sy\/tr\/index.php?rest_route=\/wp\/v2\/posts\/214631","targetHints":{"allow":["GET"]}}],"collection":[{"href":"https:\/\/archive.sana.sy\/tr\/index.php?rest_route=\/wp\/v2\/posts"}],"about":[{"href":"https:\/\/archive.sana.sy\/tr\/index.php?rest_route=\/wp\/v2\/types\/post"}],"author":[{"embeddable":true,"href":"https:\/\/archive.sana.sy\/tr\/index.php?rest_route=\/wp\/v2\/users\/1"}],"replies":[{"embeddable":true,"href":"https:\/\/archive.sana.sy\/tr\/index.php?rest_route=%2Fwp%2Fv2%2Fcomments&post=214631"}],"version-history":[{"count":0,"href":"https:\/\/archive.sana.sy\/tr\/index.php?rest_route=\/wp\/v2\/posts\/214631\/revisions"}],"wp:featuredmedia":[{"embeddable":true,"href":"https:\/\/archive.sana.sy\/tr\/index.php?rest_route=\/wp\/v2\/media\/214633"}],"wp:attachment":[{"href":"https:\/\/archive.sana.sy\/tr\/index.php?rest_route=%2Fwp%2Fv2%2Fmedia&parent=214631"}],"wp:term":[{"taxonomy":"category","embeddable":true,"href":"https:\/\/archive.sana.sy\/tr\/index.php?rest_route=%2Fwp%2Fv2%2Fcategories&post=214631"},{"taxonomy":"post_tag","embeddable":true,"href":"https:\/\/archive.sana.sy\/tr\/index.php?rest_route=%2Fwp%2Fv2%2Ftags&post=214631"}],"curies":[{"name":"wp","href":"https:\/\/api.w.org\/{rel}","templated":true}]}}