{"id":214636,"date":"2020-07-23T12:02:54","date_gmt":"2020-07-23T09:02:54","guid":{"rendered":"http:\/\/www.sana.sy\/tr\/?p=214636"},"modified":"2020-07-24T14:17:06","modified_gmt":"2020-07-24T11:17:06","slug":"hasekedeki-yanginlar-nedeniyle-bu-sezon-22-bin-hektardan-fazla-etkilendi","status":"publish","type":"post","link":"https:\/\/archive.sana.sy\/tr\/?p=214636","title":{"rendered":"Haseke&#8217;de \u00c7\u0131kan Yang\u0131nlar Nedeniyle Bu Sezon 22 Binden Fazla Hektar Etkilendi"},"content":{"rendered":"<p>HASEKE \u2013 Bu sezon Haseke \u0130linde \u00e7\u0131kan yang\u0131nlar nedeniyle bu\u011fday ve arpa mahsullerinden etkilenen toplam alanlar, \u00e7e\u015fitli tar\u0131msal istikrar alanlar\u0131na da\u011f\u0131lm\u0131\u015f 22.644 hektara ula\u015fm\u0131\u015ft\u0131r.<\/p>\n<p>Haseke Tar\u0131m M\u00fcd\u00fcrl\u00fc\u011f\u00fcndeki Bitkisel \u00dcretim B\u00f6l\u00fcm Ba\u015fkan\u0131 Celal Bilal bug\u00fcn SANA muhabirine; \u00e7\u0131kan yang\u0131nlardan hasar g\u00f6ren bu\u011fday ile dikilen alanlardan 13,285 hektar ve arpa ile dikilen 9,359 hektar\u0131n bu sezon Haseke\u2019de \u00e7\u0131kan yang\u0131nlar nedeniyle zarar g\u00f6rd\u00fcklerini belirtti.<\/p>\n<p>Bilal ayr\u0131ca; bunun sonucunda yakla\u015f\u0131k 26 ton bu\u011fday ve 15 ton arpa miktar\u0131n\u0131n kayb edildi\u011fini ekledi.<\/p>\n<p>\u00c7eviri: P.M.<\/p>\n","protected":false},"excerpt":{"rendered":"<p>HASEKE \u2013 Bu sezon Haseke \u0130linde \u00e7\u0131kan yang\u0131nlar nedeniyle bu\u011fday ve arpa mahsullerinden etkilenen toplam alanlar, \u00e7e\u015fitli tar\u0131msal istikrar alanlar\u0131na da\u011f\u0131lm\u0131\u015f 22.644 hektara ula\u015fm\u0131\u015ft\u0131r. Haseke Tar\u0131m M\u00fcd\u00fcrl\u00fc\u011f\u00fcndeki Bitkisel \u00dcretim B\u00f6l\u00fcm Ba\u015fkan\u0131 Celal Bilal bug\u00fcn SANA muhabirine; \u00e7\u0131kan yang\u0131nlardan hasar g\u00f6ren bu\u011fday ile dikilen alanlardan 13,285 hektar ve arpa ile dikilen 9,359 hektar\u0131n bu sezon Haseke\u2019de &hellip;<\/p>\n","protected":false},"author":1,"featured_media":214637,"comment_status":"closed","ping_status":"closed","sticky":false,"template":"","format":"standard","meta":{"footnotes":""},"categories":[479,17988,478],"tags":[],"class_list":["post-214636","post","type-post","status-publish","format-standard","has-post-thumbnail","","category-haberler-yerel","category-son-haberler","category-yerel"],"_links":{"self":[{"href":"https:\/\/archive.sana.sy\/tr\/index.php?rest_route=\/wp\/v2\/posts\/214636","targetHints":{"allow":["GET"]}}],"collection":[{"href":"https:\/\/archive.sana.sy\/tr\/index.php?rest_route=\/wp\/v2\/posts"}],"about":[{"href":"https:\/\/archive.sana.sy\/tr\/index.php?rest_route=\/wp\/v2\/types\/post"}],"author":[{"embeddable":true,"href":"https:\/\/archive.sana.sy\/tr\/index.php?rest_route=\/wp\/v2\/users\/1"}],"replies":[{"embeddable":true,"href":"https:\/\/archive.sana.sy\/tr\/index.php?rest_route=%2Fwp%2Fv2%2Fcomments&post=214636"}],"version-history":[{"count":0,"href":"https:\/\/archive.sana.sy\/tr\/index.php?rest_route=\/wp\/v2\/posts\/214636\/revisions"}],"wp:featuredmedia":[{"embeddable":true,"href":"https:\/\/archive.sana.sy\/tr\/index.php?rest_route=\/wp\/v2\/media\/214637"}],"wp:attachment":[{"href":"https:\/\/archive.sana.sy\/tr\/index.php?rest_route=%2Fwp%2Fv2%2Fmedia&parent=214636"}],"wp:term":[{"taxonomy":"category","embeddable":true,"href":"https:\/\/archive.sana.sy\/tr\/index.php?rest_route=%2Fwp%2Fv2%2Fcategories&post=214636"},{"taxonomy":"post_tag","embeddable":true,"href":"https:\/\/archive.sana.sy\/tr\/index.php?rest_route=%2Fwp%2Fv2%2Ftags&post=214636"}],"curies":[{"name":"wp","href":"https:\/\/api.w.org\/{rel}","templated":true}]}}