{"id":21499,"date":"2015-01-21T14:17:57","date_gmt":"2015-01-21T12:17:57","guid":{"rendered":"http:\/\/www.sana.sy\/tr\/?p=21499"},"modified":"2015-01-22T13:41:57","modified_gmt":"2015-01-22T11:41:57","slug":"israil-ve-erdogan-rejiminin-destekledigi-ceteler-agir-kayiplar-vermeye-devam-ediyor","status":"publish","type":"post","link":"https:\/\/archive.sana.sy\/tr\/?p=21499","title":{"rendered":"\u0130srail ve Erdo\u011fan Rejiminin Destekledi\u011fi \u00c7eteler A\u011f\u0131r Kay\u0131plar Vermeye Devam Ediyor"},"content":{"rendered":"<p>\u0130LLER \u2013 Yurdun her kar\u0131\u015f topra\u011f\u0131nda ulusal egemenlik ve vatanda\u015flar\u0131n g\u00fcvenli\u011fini y\u00fcksek bir duyarl\u0131l\u0131kla savunmaya devam eden vatan koruyucular\u0131m\u0131z bug\u00fcn de tekfirci ve hain ter\u00f6r \u00e7eteleri say\u0131 ve te\u00e7hizatlar\u0131yla a\u011f\u0131r kay\u0131plara u\u011fratmaya devam ettiler.<\/p>\n<p><span style=\"color: #0000ff\">Kunaytra\u2019da \u0130srail ile Koordinasyon \u0130\u00e7inde Olan Ter\u00f6ristler Ara\u00e7lar\u0131yla Etkisizle\u015ftirildi<\/span><\/p>\n<p>Askeri kaynak ordu birliklerimizin Kunaytra k\u0131rsal\u0131nda Nusra Cephesine tabi olan ve d\u00fc\u015fman \u0130srail ile koordinasyon ve i\u015fbirli\u011fi i\u00e7inde altyap\u0131 ve hizmet kurumlar\u0131n\u0131 sabote edip masum insanlara sald\u0131ran ter\u00f6r \u00e7etelere bir dizi nitelikli operasyon ger\u00e7ekle\u015ftirildi\u011fini belirtti.<\/p>\n<p>Kunaytra kentinin bat\u0131s\u0131na d\u00fc\u015fen Um Batina B\u00f6lgesinde de ter\u00f6ristlerin k\u00fcmelenme yerlerine y\u00f6nelik operasyonlarda \u00e7ok say\u0131da ter\u00f6ristin ara\u00e7 ve b\u00fcy\u00fck miktarda cephaneleriyle birlikte etkisizle\u015ftirildiklerini belirten kaynak; Bat\u0131 Samadaniye B\u00f6lgesinde de tekfirci ter\u00f6ristlerin a\u011f\u0131r kay\u0131plara u\u011frat\u0131ld\u0131klar\u0131n\u0131 ifade etti.<\/p>\n<p>Bu arada Nusra Cephesi, Furkan T\u00fcmenleri ve Ahrar el \u015eam adlar\u0131yla bilinen ter\u00f6r \u00e7eteleri; Kunaytra k\u0131rsal\u0131nda Ey\u00fcbiler ve Memluklar d\u00f6neminden kalma antik tarihi eserlerle dolu Meshara Beldesinde tarihi eserleri ya\u011fmalama ve sabote etme eylemlerinde bulunuyor.<\/p>\n<p><span style=\"color: #0000ff\">Homs K\u0131rsal\u0131nda Bir Ter\u00f6r Grubu Tamamen Etkisizle\u015ftirildi<\/span><\/p>\n<p>Askeri kaynak ordu birliklerimizin Homs k\u0131rsal\u0131n\u0131n do\u011fusu Tarfavi B\u00f6lgesinin kuzeydo\u011fusunda silahl\u0131 bir ter\u00f6r grubunun t\u00fcm elemanlar\u0131n\u0131 etkisiz hale getirdiklerini s\u00f6yledi.<\/p>\n<p>Homs k\u0131rsal\u0131n\u0131n Um \u015ear\u015fuh, Hilaliye, Resten, ve Telbise b\u00f6lgelerinde ter\u00f6ristlerin k\u00fcmelenme yerlerini hedef alan ordu birliklerimiz aralar\u0131nda tehlikeli ve yabanc\u0131lar\u0131n bulundu\u011fu bir\u00e7ok ter\u00f6risti etkisizle\u015ftirdi.<br \/>\nHoms k\u0131rsal\u0131n\u0131n do\u011fusu \u015eair Platformlar\u0131 civar\u0131nda ise ordu birliklerimiz I\u015e\u0130D \u00e7etelerine ait bir\u00e7ok arac\u0131 ta\u015f\u0131d\u0131\u011f\u0131 cephane ve ter\u00f6ristlerle birlikte etkisizle\u015ftirdi.<\/p>\n<p><span style=\"color: #0000ff\">\u0130dlib K\u0131rsal\u0131nda Erdo\u011fan \u00c7etelerinin Kay\u0131plar\u0131 Art\u0131yor<\/span><\/p>\n<p>Ordu birliklerimiz \u0130dlib k\u0131rsal\u0131nda T\u00fcrkiye&#8217;deki ihvanc\u0131 rejimin destekledi\u011fi ter\u00f6r \u00e7eteleri say\u0131 ve cephaneleriyle a\u011f\u0131r kay\u0131plara u\u011fratmaya devam ediyor.<\/p>\n<p>Askeri kaynak ordu birliklerimizin \u0130dlib Kentinin 3 km g\u00fcneyine d\u00fc\u015fen Feylon ve Kurin b\u00f6lgelerinde tekfirci ve kiral\u0131k \u00e7etelerin mevkilerini muhtevalar\u0131yla etkisizle\u015ftirdiklerini belirtti.<\/p>\n<p>\u0130dlib Kentinin do\u011fusu Serakib B\u00f6lgesinde ter\u00f6r mevkilerini muhtevalar\u0131yla hedef alan ordu birliklerimiz; \u0130dlib\u2019in g\u00fcney k\u0131rsal\u0131 Kensafra, \u015eeyh Mustafa ve Han \u015eeyhun\u2019da Nusra Cephesinin k\u00fcmelenme yerleri ve cephaneliklerini muhtevalar\u0131yla imha etti.<\/p>\n<p>Bu arada vatan koruyucular\u0131m\u0131z \u0130dlib k\u0131rsal\u0131 Benni\u015f beldesi giri\u015finde nitelikli bir operasyonla ter\u00f6rist ta\u015f\u0131yan bir pikap arac\u0131n\u0131 ta\u015f\u0131d\u0131\u011f\u0131 ter\u00f6ristlerle imha etti. Benni\u015f, Sermin ve Teftanaz b\u00f6lgelerinde ise ter\u00f6r \u00e7etelerinin k\u00fcmelenme yerleri hedef alan ordu birliklerimiz tekfirci ve kiral\u0131k ter\u00f6r \u00e7eteleri onlar\u0131 a\u011f\u0131r kay\u0131plara u\u011fratt\u0131.<\/p>\n<p>A.A. &#8211; R.H.<\/p>\n","protected":false},"excerpt":{"rendered":"<p>\u0130LLER \u2013 Yurdun her kar\u0131\u015f topra\u011f\u0131nda ulusal egemenlik ve vatanda\u015flar\u0131n g\u00fcvenli\u011fini y\u00fcksek bir duyarl\u0131l\u0131kla savunmaya devam eden vatan koruyucular\u0131m\u0131z bug\u00fcn de tekfirci ve hain ter\u00f6r \u00e7eteleri say\u0131 ve te\u00e7hizatlar\u0131yla a\u011f\u0131r kay\u0131plara u\u011fratmaya devam ettiler. Kunaytra\u2019da \u0130srail ile Koordinasyon \u0130\u00e7inde Olan Ter\u00f6ristler Ara\u00e7lar\u0131yla Etkisizle\u015ftirildi Askeri kaynak ordu birliklerimizin Kunaytra k\u0131rsal\u0131nda Nusra Cephesine tabi olan ve d\u00fc\u015fman &hellip;<\/p>\n","protected":false},"author":1,"featured_media":21504,"comment_status":"closed","ping_status":"closed","sticky":false,"template":"","format":"standard","meta":{"footnotes":""},"categories":[575],"tags":[10450,10449],"class_list":["post-21499","post","type-post","status-publish","format-standard","has-post-thumbnail","","category-olaylar-ve-gercekler","tag-furkan-tumenleri-ve-ahrar-el-sam-adlariyla-bilinen-teror-ceteleri-kunaytra-kirsalinda-eyubiler-ve-memluklar-doneminden-kalma-antik-tarihi-eserlerle-dolu-meshara-beldesinde-tarihi-eserleri-yagmalama-v","tag-israil-ve-erdogan-rejiminin-destekledigi-ceteler-agir-kayiplar-vermeye-devam-ediyor-iller-yurdun-her-karis-topraginda-ulusal-egemenlik-ve-vatandaslarin-guvenligini-yuksek-bir-duyarlilikla-sa"],"_links":{"self":[{"href":"https:\/\/archive.sana.sy\/tr\/index.php?rest_route=\/wp\/v2\/posts\/21499","targetHints":{"allow":["GET"]}}],"collection":[{"href":"https:\/\/archive.sana.sy\/tr\/index.php?rest_route=\/wp\/v2\/posts"}],"about":[{"href":"https:\/\/archive.sana.sy\/tr\/index.php?rest_route=\/wp\/v2\/types\/post"}],"author":[{"embeddable":true,"href":"https:\/\/archive.sana.sy\/tr\/index.php?rest_route=\/wp\/v2\/users\/1"}],"replies":[{"embeddable":true,"href":"https:\/\/archive.sana.sy\/tr\/index.php?rest_route=%2Fwp%2Fv2%2Fcomments&post=21499"}],"version-history":[{"count":0,"href":"https:\/\/archive.sana.sy\/tr\/index.php?rest_route=\/wp\/v2\/posts\/21499\/revisions"}],"wp:featuredmedia":[{"embeddable":true,"href":"https:\/\/archive.sana.sy\/tr\/index.php?rest_route=\/wp\/v2\/media\/21504"}],"wp:attachment":[{"href":"https:\/\/archive.sana.sy\/tr\/index.php?rest_route=%2Fwp%2Fv2%2Fmedia&parent=21499"}],"wp:term":[{"taxonomy":"category","embeddable":true,"href":"https:\/\/archive.sana.sy\/tr\/index.php?rest_route=%2Fwp%2Fv2%2Fcategories&post=21499"},{"taxonomy":"post_tag","embeddable":true,"href":"https:\/\/archive.sana.sy\/tr\/index.php?rest_route=%2Fwp%2Fv2%2Ftags&post=21499"}],"curies":[{"name":"wp","href":"https:\/\/api.w.org\/{rel}","templated":true}]}}