{"id":215048,"date":"2020-07-30T12:12:05","date_gmt":"2020-07-30T09:12:05","guid":{"rendered":"http:\/\/www.sana.sy\/tr\/?p=215048"},"modified":"2020-07-31T07:03:45","modified_gmt":"2020-07-31T04:03:45","slug":"egitim-bakanligi-univeristeye-giris-sinav-sonuclarini-acikladi-fen-bolumunde-basari-orani-q78-edebiyat-bolumunde-ise-6021","status":"publish","type":"post","link":"https:\/\/archive.sana.sy\/tr\/?p=215048","title":{"rendered":"E\u011fitim Bakanl\u0131\u011f\u0131 \u00dcniveristeye Giri\u015f S\u0131nav Sonu\u00e7lar\u0131n\u0131 A\u00e7\u0131klad\u0131: Fen B\u00f6l\u00fcm\u00fcnde Ba\u015far\u0131 Oran\u0131 %71,78 Edebiyat B\u00f6l\u00fcm\u00fcnde \u0130se % 60,21 (V\u0130DEO)"},"content":{"rendered":"<p style=\"text-align: justify;\">\u015eAM \u2013 E\u011fitim Bakanl\u0131\u011f\u0131 bug\u00fcn, 2019-2020 \u00f6\u011fretim y\u0131l\u0131 i\u00e7in t\u00fcm bran\u015flarda lise genel s\u0131navlar\u0131n\u0131n (\u00dcniversiteye Giri\u015f S\u0131nav\u0131) sonu\u00e7lar\u0131n\u0131 \u00e7\u0131kard\u0131.<\/p>\n<p style=\"text-align: justify;\">E\u011fitim Bakan\u0131 \u0130mad Azb d\u00fczenledi\u011fi bas\u0131n toplant\u0131s\u0131nda, Fen dal\u0131ndaki ba\u015far\u0131 oran\u0131n\u0131n y\u00fczde 71,78 ve edebiyat dal\u0131ndaki ba\u015far\u0131 oran\u0131n\u0131n y\u00fczde 60,21 oldu\u011funu s\u00f6yledi.<\/p>\n<p style=\"text-align: justify;\">El Azb, fen dal\u0131ndaki alt\u0131 \u00f6\u011frencinin 2900\/2900 tam puan, ikisinin 2899 puan ve 4 \u00f6\u011frencinin de 2898 puan ald\u0131klar\u0131n\u0131 s\u00f6yledi.<\/p>\n<p><iframe loading=\"lazy\" src=\"https:\/\/www.youtube.com\/embed\/9xJeJIXssiw\" width=\"620\" height=\"347\" frameborder=\"0\" allowfullscreen=\"allowfullscreen\"><\/iframe><\/p>\n","protected":false},"excerpt":{"rendered":"<p>\u015eAM \u2013 E\u011fitim Bakanl\u0131\u011f\u0131 bug\u00fcn, 2019-2020 \u00f6\u011fretim y\u0131l\u0131 i\u00e7in t\u00fcm bran\u015flarda lise genel s\u0131navlar\u0131n\u0131n (\u00dcniversiteye Giri\u015f S\u0131nav\u0131) sonu\u00e7lar\u0131n\u0131 \u00e7\u0131kard\u0131. E\u011fitim Bakan\u0131 \u0130mad Azb d\u00fczenledi\u011fi bas\u0131n toplant\u0131s\u0131nda, Fen dal\u0131ndaki ba\u015far\u0131 oran\u0131n\u0131n y\u00fczde 71,78 ve edebiyat dal\u0131ndaki ba\u015far\u0131 oran\u0131n\u0131n y\u00fczde 60,21 oldu\u011funu s\u00f6yledi. El Azb, fen dal\u0131ndaki alt\u0131 \u00f6\u011frencinin 2900\/2900 tam puan, ikisinin 2899 puan ve 4 &hellip;<\/p>\n","protected":false},"author":1,"featured_media":215049,"comment_status":"closed","ping_status":"closed","sticky":false,"template":"","format":"standard","meta":{"footnotes":""},"categories":[526,479,17988,525,478],"tags":[],"class_list":["post-215048","post","type-post","status-publish","format-standard","has-post-thumbnail","","category-haber-ve-raporlar","category-haberler-yerel","category-son-haberler","category-toplum","category-yerel"],"_links":{"self":[{"href":"https:\/\/archive.sana.sy\/tr\/index.php?rest_route=\/wp\/v2\/posts\/215048","targetHints":{"allow":["GET"]}}],"collection":[{"href":"https:\/\/archive.sana.sy\/tr\/index.php?rest_route=\/wp\/v2\/posts"}],"about":[{"href":"https:\/\/archive.sana.sy\/tr\/index.php?rest_route=\/wp\/v2\/types\/post"}],"author":[{"embeddable":true,"href":"https:\/\/archive.sana.sy\/tr\/index.php?rest_route=\/wp\/v2\/users\/1"}],"replies":[{"embeddable":true,"href":"https:\/\/archive.sana.sy\/tr\/index.php?rest_route=%2Fwp%2Fv2%2Fcomments&post=215048"}],"version-history":[{"count":0,"href":"https:\/\/archive.sana.sy\/tr\/index.php?rest_route=\/wp\/v2\/posts\/215048\/revisions"}],"wp:featuredmedia":[{"embeddable":true,"href":"https:\/\/archive.sana.sy\/tr\/index.php?rest_route=\/wp\/v2\/media\/215049"}],"wp:attachment":[{"href":"https:\/\/archive.sana.sy\/tr\/index.php?rest_route=%2Fwp%2Fv2%2Fmedia&parent=215048"}],"wp:term":[{"taxonomy":"category","embeddable":true,"href":"https:\/\/archive.sana.sy\/tr\/index.php?rest_route=%2Fwp%2Fv2%2Fcategories&post=215048"},{"taxonomy":"post_tag","embeddable":true,"href":"https:\/\/archive.sana.sy\/tr\/index.php?rest_route=%2Fwp%2Fv2%2Ftags&post=215048"}],"curies":[{"name":"wp","href":"https:\/\/api.w.org\/{rel}","templated":true}]}}