{"id":215061,"date":"2020-07-30T19:14:21","date_gmt":"2020-07-30T16:14:21","guid":{"rendered":"http:\/\/www.sana.sy\/tr\/?p=215061"},"modified":"2020-07-31T07:04:11","modified_gmt":"2020-07-31T04:04:11","slug":"saglik-bakanligi-yeni-21-koronavirus-vakalari-tescil-edildi-bir-vaka-vefat-etti","status":"publish","type":"post","link":"https:\/\/archive.sana.sy\/tr\/?p=215061","title":{"rendered":"Sa\u011fl\u0131k Bakanl\u0131\u011f\u0131: Yeni 21 Koronavir\u00fcs Vakalar\u0131 Tescil Edildi, Bir Vaka Vefat Etti.."},"content":{"rendered":"<p>\u015eAM \u2013 Sa\u011fl\u0131k Bakal\u0131\u011f\u0131 bug\u00fcn \u00fclkede yeni 21 koronavir\u00fcs vakalar\u0131n\u0131n tescil edildi\u011fini ve daha \u00f6nce tescil edilen vakalardan birinin vefat etti\u011fini a\u00e7\u0131klad\u0131.<\/p>\n<p>Bakanl\u0131\u011f\u0131n bug\u00fcn yay\u0131nlad\u0131\u011f\u0131 beyanda; bug\u00fcne kadar Suriye\u2019de tescil edilen koronavir\u00fcs vakalar\u0131 say\u0131s\u0131n\u0131n 738\u2019e ula\u015ft\u0131\u011f\u0131n\u0131, 229 vakan\u0131n iyile\u015fti\u011fini ve 41 vakan\u0131n vefat etti\u011fini belirlendi.<\/p>\n<p>P.M.<\/p>\n","protected":false},"excerpt":{"rendered":"<p>\u015eAM \u2013 Sa\u011fl\u0131k Bakal\u0131\u011f\u0131 bug\u00fcn \u00fclkede yeni 21 koronavir\u00fcs vakalar\u0131n\u0131n tescil edildi\u011fini ve daha \u00f6nce tescil edilen vakalardan birinin vefat etti\u011fini a\u00e7\u0131klad\u0131. Bakanl\u0131\u011f\u0131n bug\u00fcn yay\u0131nlad\u0131\u011f\u0131 beyanda; bug\u00fcne kadar Suriye\u2019de tescil edilen koronavir\u00fcs vakalar\u0131 say\u0131s\u0131n\u0131n 738\u2019e ula\u015ft\u0131\u011f\u0131n\u0131, 229 vakan\u0131n iyile\u015fti\u011fini ve 41 vakan\u0131n vefat etti\u011fini belirlendi. P.M.<\/p>\n","protected":false},"author":1,"featured_media":215067,"comment_status":"closed","ping_status":"closed","sticky":false,"template":"","format":"standard","meta":{"footnotes":""},"categories":[479,17988,478],"tags":[],"class_list":["post-215061","post","type-post","status-publish","format-standard","has-post-thumbnail","","category-haberler-yerel","category-son-haberler","category-yerel"],"_links":{"self":[{"href":"https:\/\/archive.sana.sy\/tr\/index.php?rest_route=\/wp\/v2\/posts\/215061","targetHints":{"allow":["GET"]}}],"collection":[{"href":"https:\/\/archive.sana.sy\/tr\/index.php?rest_route=\/wp\/v2\/posts"}],"about":[{"href":"https:\/\/archive.sana.sy\/tr\/index.php?rest_route=\/wp\/v2\/types\/post"}],"author":[{"embeddable":true,"href":"https:\/\/archive.sana.sy\/tr\/index.php?rest_route=\/wp\/v2\/users\/1"}],"replies":[{"embeddable":true,"href":"https:\/\/archive.sana.sy\/tr\/index.php?rest_route=%2Fwp%2Fv2%2Fcomments&post=215061"}],"version-history":[{"count":0,"href":"https:\/\/archive.sana.sy\/tr\/index.php?rest_route=\/wp\/v2\/posts\/215061\/revisions"}],"wp:featuredmedia":[{"embeddable":true,"href":"https:\/\/archive.sana.sy\/tr\/index.php?rest_route=\/wp\/v2\/media\/215067"}],"wp:attachment":[{"href":"https:\/\/archive.sana.sy\/tr\/index.php?rest_route=%2Fwp%2Fv2%2Fmedia&parent=215061"}],"wp:term":[{"taxonomy":"category","embeddable":true,"href":"https:\/\/archive.sana.sy\/tr\/index.php?rest_route=%2Fwp%2Fv2%2Fcategories&post=215061"},{"taxonomy":"post_tag","embeddable":true,"href":"https:\/\/archive.sana.sy\/tr\/index.php?rest_route=%2Fwp%2Fv2%2Ftags&post=215061"}],"curies":[{"name":"wp","href":"https:\/\/api.w.org\/{rel}","templated":true}]}}