{"id":215066,"date":"2020-07-30T20:28:28","date_gmt":"2020-07-30T17:28:28","guid":{"rendered":"http:\/\/www.sana.sy\/tr\/?p=215066"},"modified":"2020-08-01T08:03:38","modified_gmt":"2020-08-01T05:03:38","slug":"cumhurbaskani-el-esad-bayram-munasebetiyle-vakiflar-bakanindan-tebrik-telegrafi-aldi","status":"publish","type":"post","link":"https:\/\/archive.sana.sy\/tr\/?p=215066","title":{"rendered":"Cumhurba\u015fkan\u0131 el Esad Bayram M\u00fcnasebetiyle Vak\u0131flar Bakan\u0131ndan Kutlama Telegraf\u0131 Ald\u0131"},"content":{"rendered":"<p>\u015eAM \u2013 Cumhurba\u015fkan\u0131 Be\u015f\u015far el Esad bug\u00fcn, Kuban Bayram\u0131 m\u00fcnasebetiyle Vak\u0131flar Bakan\u0131 Muhammed Abd\u00fclsettar el Seyid\u2019den tebrik telegraf\u0131 ald\u0131.<\/p>\n<p>Vak\u0131flar Bakan\u0131, Bakanl\u0131k ve \u00e7al\u0131\u015fanlar\u0131 ile din adamlar\u0131 ad\u0131na Cumhurba\u015fkan\u0131 el Esad\u2019a Bayram m\u00fcnasebetiyle tebrikleri iletirken, en y\u00fcksek tebrik ayetlerini, Y\u00fcce Tanr\u0131&#8217;dan kendisini korumas\u0131, Suriye&#8217;yi ve ter\u00f6r sava\u015f\u0131 kar\u015f\u0131s\u0131nda sars\u0131lmaz halk\u0131n\u0131n korumas\u0131, \u015fehitlere merhamet etmesi, yaral\u0131lar\u0131 iyile\u015ftirmesi ve Suriye \u00fczerindeki kara bulutlar\u0131 kald\u0131rmas\u0131\u00a0dile\u011finde bulundu.<\/p>\n<p>P.M.<\/p>\n","protected":false},"excerpt":{"rendered":"<p>\u015eAM \u2013 Cumhurba\u015fkan\u0131 Be\u015f\u015far el Esad bug\u00fcn, Kuban Bayram\u0131 m\u00fcnasebetiyle Vak\u0131flar Bakan\u0131 Muhammed Abd\u00fclsettar el Seyid\u2019den tebrik telegraf\u0131 ald\u0131. Vak\u0131flar Bakan\u0131, Bakanl\u0131k ve \u00e7al\u0131\u015fanlar\u0131 ile din adamlar\u0131 ad\u0131na Cumhurba\u015fkan\u0131 el Esad\u2019a Bayram m\u00fcnasebetiyle tebrikleri iletirken, en y\u00fcksek tebrik ayetlerini, Y\u00fcce Tanr\u0131&#8217;dan kendisini korumas\u0131, Suriye&#8217;yi ve ter\u00f6r sava\u015f\u0131 kar\u015f\u0131s\u0131nda sars\u0131lmaz halk\u0131n\u0131n korumas\u0131, \u015fehitlere merhamet etmesi, yaral\u0131lar\u0131 &hellip;<\/p>\n","protected":false},"author":1,"featured_media":215068,"comment_status":"closed","ping_status":"closed","sticky":false,"template":"","format":"standard","meta":{"footnotes":""},"categories":[479,17988,478],"tags":[],"class_list":["post-215066","post","type-post","status-publish","format-standard","has-post-thumbnail","","category-haberler-yerel","category-son-haberler","category-yerel"],"_links":{"self":[{"href":"https:\/\/archive.sana.sy\/tr\/index.php?rest_route=\/wp\/v2\/posts\/215066","targetHints":{"allow":["GET"]}}],"collection":[{"href":"https:\/\/archive.sana.sy\/tr\/index.php?rest_route=\/wp\/v2\/posts"}],"about":[{"href":"https:\/\/archive.sana.sy\/tr\/index.php?rest_route=\/wp\/v2\/types\/post"}],"author":[{"embeddable":true,"href":"https:\/\/archive.sana.sy\/tr\/index.php?rest_route=\/wp\/v2\/users\/1"}],"replies":[{"embeddable":true,"href":"https:\/\/archive.sana.sy\/tr\/index.php?rest_route=%2Fwp%2Fv2%2Fcomments&post=215066"}],"version-history":[{"count":0,"href":"https:\/\/archive.sana.sy\/tr\/index.php?rest_route=\/wp\/v2\/posts\/215066\/revisions"}],"wp:featuredmedia":[{"embeddable":true,"href":"https:\/\/archive.sana.sy\/tr\/index.php?rest_route=\/wp\/v2\/media\/215068"}],"wp:attachment":[{"href":"https:\/\/archive.sana.sy\/tr\/index.php?rest_route=%2Fwp%2Fv2%2Fmedia&parent=215066"}],"wp:term":[{"taxonomy":"category","embeddable":true,"href":"https:\/\/archive.sana.sy\/tr\/index.php?rest_route=%2Fwp%2Fv2%2Fcategories&post=215066"},{"taxonomy":"post_tag","embeddable":true,"href":"https:\/\/archive.sana.sy\/tr\/index.php?rest_route=%2Fwp%2Fv2%2Ftags&post=215066"}],"curies":[{"name":"wp","href":"https:\/\/api.w.org\/{rel}","templated":true}]}}