{"id":215071,"date":"2020-07-30T21:09:54","date_gmt":"2020-07-30T18:09:54","guid":{"rendered":"http:\/\/www.sana.sy\/tr\/?p=215071"},"modified":"2020-07-31T15:29:01","modified_gmt":"2020-07-31T12:29:01","slug":"homs-kirsalinda-teroristlere-gonderilecek-buyuk-miktarda-cephane-ele-gecirildi","status":"publish","type":"post","link":"https:\/\/archive.sana.sy\/tr\/?p=215071","title":{"rendered":"Homs K\u0131rsal\u0131nda Ter\u00f6ristlere G\u00f6nderilecek B\u00fcy\u00fck Miktarda Cephane Ele Ge\u00e7irildi"},"content":{"rendered":"<p>HOMS \u2013 G\u00fcvenlik Birimleri Homs k\u0131rsal\u0131nda, \u0130dlib\u2019teki ter\u00f6r gruplar\u0131na g\u00f6ndermek \u00fczere haz\u0131rlanan cephaneyi ele ge\u00e7irdi.<\/p>\n<p>SANA\u2019n\u0131n Homs muhabiri; g\u00fcvenlik birimlerinin s\u00fcrd\u00fcrd\u00fckleri takip operasyonlar\u0131ndan sonra Homs ve Hama illerin idari s\u0131n\u0131r\u0131 b\u00f6lgesinde b\u00fcy\u00fck miktarda ve \u00e7e\u015fitli cephaneyi ele ge\u00e7irdiklerini belirtti.<\/p>\n<p>P.M.<\/p>\n<div id='gallery-1' class='gallery galleryid-215071 gallery-columns-1 gallery-size-full'><figure class='gallery-item'>\n\t\t\t<div class='gallery-icon landscape'>\n\t\t\t\t<a href='https:\/\/archive.sana.sy\/tr\/wp-content\/uploads\/2020\/07\/1-607.jpg'><img loading=\"lazy\" decoding=\"async\" width=\"660\" height=\"370\" src=\"https:\/\/archive.sana.sy\/tr\/wp-content\/uploads\/2020\/07\/1-607.jpg\" class=\"attachment-full size-full\" alt=\"\" srcset=\"https:\/\/archive.sana.sy\/tr\/wp-content\/uploads\/2020\/07\/1-607.jpg 660w, https:\/\/archive.sana.sy\/tr\/wp-content\/uploads\/2020\/07\/1-607-300x168.jpg 300w, https:\/\/archive.sana.sy\/tr\/wp-content\/uploads\/2020\/07\/1-607-150x84.jpg 150w\" sizes=\"auto, (max-width: 660px) 100vw, 660px\" \/><\/a>\n\t\t\t<\/div><\/figure><figure class='gallery-item'>\n\t\t\t<div class='gallery-icon landscape'>\n\t\t\t\t<a href='https:\/\/archive.sana.sy\/tr\/wp-content\/uploads\/2020\/07\/3-309.jpg'><img loading=\"lazy\" decoding=\"async\" width=\"660\" height=\"316\" src=\"https:\/\/archive.sana.sy\/tr\/wp-content\/uploads\/2020\/07\/3-309.jpg\" class=\"attachment-full size-full\" alt=\"\" srcset=\"https:\/\/archive.sana.sy\/tr\/wp-content\/uploads\/2020\/07\/3-309.jpg 660w, https:\/\/archive.sana.sy\/tr\/wp-content\/uploads\/2020\/07\/3-309-300x144.jpg 300w, https:\/\/archive.sana.sy\/tr\/wp-content\/uploads\/2020\/07\/3-309-150x72.jpg 150w\" sizes=\"auto, (max-width: 660px) 100vw, 660px\" \/><\/a>\n\t\t\t<\/div><\/figure><figure class='gallery-item'>\n\t\t\t<div class='gallery-icon landscape'>\n\t\t\t\t<a href='https:\/\/archive.sana.sy\/tr\/wp-content\/uploads\/2020\/07\/4-296.jpg'><img loading=\"lazy\" decoding=\"async\" width=\"660\" height=\"462\" src=\"https:\/\/archive.sana.sy\/tr\/wp-content\/uploads\/2020\/07\/4-296.jpg\" class=\"attachment-full size-full\" alt=\"\" srcset=\"https:\/\/archive.sana.sy\/tr\/wp-content\/uploads\/2020\/07\/4-296.jpg 660w, https:\/\/archive.sana.sy\/tr\/wp-content\/uploads\/2020\/07\/4-296-300x210.jpg 300w, https:\/\/archive.sana.sy\/tr\/wp-content\/uploads\/2020\/07\/4-296-150x105.jpg 150w\" sizes=\"auto, (max-width: 660px) 100vw, 660px\" \/><\/a>\n\t\t\t<\/div><\/figure><figure class='gallery-item'>\n\t\t\t<div class='gallery-icon landscape'>\n\t\t\t\t<a href='https:\/\/archive.sana.sy\/tr\/wp-content\/uploads\/2020\/07\/5-259.jpg'><img loading=\"lazy\" decoding=\"async\" width=\"660\" height=\"464\" src=\"https:\/\/archive.sana.sy\/tr\/wp-content\/uploads\/2020\/07\/5-259.jpg\" class=\"attachment-full size-full\" alt=\"\" srcset=\"https:\/\/archive.sana.sy\/tr\/wp-content\/uploads\/2020\/07\/5-259.jpg 660w, https:\/\/archive.sana.sy\/tr\/wp-content\/uploads\/2020\/07\/5-259-300x211.jpg 300w, https:\/\/archive.sana.sy\/tr\/wp-content\/uploads\/2020\/07\/5-259-150x105.jpg 150w\" sizes=\"auto, (max-width: 660px) 100vw, 660px\" \/><\/a>\n\t\t\t<\/div><\/figure>\n\t\t<\/div>\n\n","protected":false},"excerpt":{"rendered":"<p>HOMS \u2013 G\u00fcvenlik Birimleri Homs k\u0131rsal\u0131nda, \u0130dlib\u2019teki ter\u00f6r gruplar\u0131na g\u00f6ndermek \u00fczere haz\u0131rlanan cephaneyi ele ge\u00e7irdi. SANA\u2019n\u0131n Homs muhabiri; g\u00fcvenlik birimlerinin s\u00fcrd\u00fcrd\u00fckleri takip operasyonlar\u0131ndan sonra Homs ve Hama illerin idari s\u0131n\u0131r\u0131 b\u00f6lgesinde b\u00fcy\u00fck miktarda ve \u00e7e\u015fitli cephaneyi ele ge\u00e7irdiklerini belirtti. P.M.<\/p>\n","protected":false},"author":1,"featured_media":215072,"comment_status":"closed","ping_status":"closed","sticky":false,"template":"","format":"standard","meta":{"footnotes":""},"categories":[596,479,575,17988,478],"tags":[],"class_list":["post-215071","post","type-post","status-publish","format-standard","has-post-thumbnail","","category-fotografli-raporlar","category-haberler-yerel","category-olaylar-ve-gercekler","category-son-haberler","category-yerel"],"_links":{"self":[{"href":"https:\/\/archive.sana.sy\/tr\/index.php?rest_route=\/wp\/v2\/posts\/215071","targetHints":{"allow":["GET"]}}],"collection":[{"href":"https:\/\/archive.sana.sy\/tr\/index.php?rest_route=\/wp\/v2\/posts"}],"about":[{"href":"https:\/\/archive.sana.sy\/tr\/index.php?rest_route=\/wp\/v2\/types\/post"}],"author":[{"embeddable":true,"href":"https:\/\/archive.sana.sy\/tr\/index.php?rest_route=\/wp\/v2\/users\/1"}],"replies":[{"embeddable":true,"href":"https:\/\/archive.sana.sy\/tr\/index.php?rest_route=%2Fwp%2Fv2%2Fcomments&post=215071"}],"version-history":[{"count":0,"href":"https:\/\/archive.sana.sy\/tr\/index.php?rest_route=\/wp\/v2\/posts\/215071\/revisions"}],"wp:featuredmedia":[{"embeddable":true,"href":"https:\/\/archive.sana.sy\/tr\/index.php?rest_route=\/wp\/v2\/media\/215072"}],"wp:attachment":[{"href":"https:\/\/archive.sana.sy\/tr\/index.php?rest_route=%2Fwp%2Fv2%2Fmedia&parent=215071"}],"wp:term":[{"taxonomy":"category","embeddable":true,"href":"https:\/\/archive.sana.sy\/tr\/index.php?rest_route=%2Fwp%2Fv2%2Fcategories&post=215071"},{"taxonomy":"post_tag","embeddable":true,"href":"https:\/\/archive.sana.sy\/tr\/index.php?rest_route=%2Fwp%2Fv2%2Ftags&post=215071"}],"curies":[{"name":"wp","href":"https:\/\/api.w.org\/{rel}","templated":true}]}}