{"id":215082,"date":"2020-07-30T22:07:34","date_gmt":"2020-07-30T19:07:34","guid":{"rendered":"http:\/\/www.sana.sy\/tr\/?p=215082"},"modified":"2020-08-01T08:03:41","modified_gmt":"2020-08-01T05:03:41","slug":"seyyid-el-adha-bayrami-delaletleriyle-bizlerde-fedakarlik-anlamlarini-derinlestiriyoe-ordu-kahramanlari-da-vatanlari-ugruna-tum-yollarini-yuruduler","status":"publish","type":"post","link":"https:\/\/archive.sana.sy\/tr\/?p=215082","title":{"rendered":"Seyyid: El Adha Bayram\u0131 Delaletleriyle Bizlerde Fedakarl\u0131k Anlamlar\u0131n\u0131 Derinle\u015ftiriyor Ordu Kahramanlar\u0131 Da Vatanlar\u0131 U\u011fruna T\u00fcm Yollar\u0131n\u0131 Y\u00fcr\u00fcd\u00fcler"},"content":{"rendered":"<p>\u015eAM &#8211; Vak\u0131flar Bakan\u0131 Muhammed Abdulsettar el Seyyid, m\u00fcbarek Kurban Bayram\u0131\u2019n\u0131n delaletleriyle bizlere y\u00fcce anlamlar \u00f6\u011fretti\u011fini, asil ama\u00e7lar u\u011fruna ise canlar\u0131n feda edildi\u011fini, kurbanlar\u0131n ise Allah\u2019\u0131n yasalar\u0131ndan oldu\u011funu belirterek, vatan u\u011fruna kahraman ordumuzun fedakarl\u0131klar\u0131 ve kahramanl\u0131klar\u0131n\u0131 hat\u0131rlatt\u0131.<\/p>\n<p>Vak\u0131flar Bakan\u0131 m\u00fcbarek kurban bayram\u0131 m\u00fcnasebetiyle yapt\u0131\u011f\u0131 televizyon konu\u015fmas\u0131nda, bu bayram\u0131n ta\u015f\u0131d\u0131\u011f\u0131 y\u00fcce anlamlara dikkat \u00e7ekerek, muktedir olanlar\u0131n kurbanlar\u0131n\u0131 yerine getirdiklerini bu kurban yoluyla kendi nefisleri ve akrabalar\u0131 yerine y\u00fcce Allah\u2019\u0131n dini vecibelerinden birini yerine getirme ve bunu fakirlere ve miskinlere da\u011f\u0131tarak geni\u015flettiklerine dikkat \u00e7ekti.<\/p>\n<p>Seyyid;\u201dHak yolunda e\u011fer fedakarl\u0131klardan ve u\u011fruna fedadan nefislerimizi sunmaktan bahsedecek olursak ordu kahramanlar\u0131m\u0131z\u0131 anmadan ge\u00e7emeyece\u011fimizi \u00e7\u00fcnk\u00fc onlar\u0131n fedakarl\u0131k yollar\u0131n\u0131n t\u00fcm\u00fcn\u00fc ge\u00e7tiklerini, vatanlar\u0131 ve evlatlar\u0131 u\u011fruna korku ve tehlikelerin t\u00fcm kap\u0131lar\u0131n\u0131 \u00e7ald\u0131klar\u0131n\u0131 ve ter\u00f6rle a\u015f\u0131r\u0131c\u0131l\u0131k \u015ferrini, i\u015fgal tehlikesini, d\u00fc\u015fmanlar\u0131n komplolar\u0131n\u0131 ve kiral\u0131k Araplar\u0131n gaddarl\u0131\u011f\u0131n\u0131 uzakla\u015ft\u0131rd\u0131klar\u0131n\u0131\u201d s\u00f6yledi.<\/p>\n<p>\u015eehitlerin fedakarl\u0131klar\u0131, Allah kat\u0131nda mekanlar\u0131, yaral\u0131lar\u0131n kahramanl\u0131klar\u0131, sab\u0131rlar\u0131n\u0131n g\u00fczelli\u011fi ve ailelerinin direncini hat\u0131rlatan Seyyid, fedakarl\u0131k yolunu se\u00e7en, \u015fehit ve yaral\u0131lar\u0131n emanetini ta\u015f\u0131yan say\u0131n Cumhurba\u015fkan\u0131 Be\u015f\u015far Esad\u2019\u0131n hikmetine dikkat \u00e7ekti.<\/p>\n<p>Bakan Seyyid kendisi, alimler, dini vecibe erbab\u0131 ve Vak\u0131flar Bakanl\u0131\u011f\u0131 \u00e7al\u0131\u015fanlar\u0131 ad\u0131na say\u0131n Cumhurba\u015fkan\u0131 Be\u015f\u015far Esad\u2019a m\u00fcbarek Kurban Bayram\u0131 m\u00fcnasebetiyle en y\u00fcce kutlama ve tebriklerini sundu.<\/p>\n","protected":false},"excerpt":{"rendered":"<p>\u015eAM &#8211; Vak\u0131flar Bakan\u0131 Muhammed Abdulsettar el Seyyid, m\u00fcbarek Kurban Bayram\u0131\u2019n\u0131n delaletleriyle bizlere y\u00fcce anlamlar \u00f6\u011fretti\u011fini, asil ama\u00e7lar u\u011fruna ise canlar\u0131n feda edildi\u011fini, kurbanlar\u0131n ise Allah\u2019\u0131n yasalar\u0131ndan oldu\u011funu belirterek, vatan u\u011fruna kahraman ordumuzun fedakarl\u0131klar\u0131 ve kahramanl\u0131klar\u0131n\u0131 hat\u0131rlatt\u0131. Vak\u0131flar Bakan\u0131 m\u00fcbarek kurban bayram\u0131 m\u00fcnasebetiyle yapt\u0131\u011f\u0131 televizyon konu\u015fmas\u0131nda, bu bayram\u0131n ta\u015f\u0131d\u0131\u011f\u0131 y\u00fcce anlamlara dikkat \u00e7ekerek, muktedir olanlar\u0131n &hellip;<\/p>\n","protected":false},"author":1,"featured_media":215083,"comment_status":"closed","ping_status":"closed","sticky":false,"template":"","format":"standard","meta":{"footnotes":""},"categories":[479,17988,478],"tags":[],"class_list":["post-215082","post","type-post","status-publish","format-standard","has-post-thumbnail","","category-haberler-yerel","category-son-haberler","category-yerel"],"_links":{"self":[{"href":"https:\/\/archive.sana.sy\/tr\/index.php?rest_route=\/wp\/v2\/posts\/215082","targetHints":{"allow":["GET"]}}],"collection":[{"href":"https:\/\/archive.sana.sy\/tr\/index.php?rest_route=\/wp\/v2\/posts"}],"about":[{"href":"https:\/\/archive.sana.sy\/tr\/index.php?rest_route=\/wp\/v2\/types\/post"}],"author":[{"embeddable":true,"href":"https:\/\/archive.sana.sy\/tr\/index.php?rest_route=\/wp\/v2\/users\/1"}],"replies":[{"embeddable":true,"href":"https:\/\/archive.sana.sy\/tr\/index.php?rest_route=%2Fwp%2Fv2%2Fcomments&post=215082"}],"version-history":[{"count":0,"href":"https:\/\/archive.sana.sy\/tr\/index.php?rest_route=\/wp\/v2\/posts\/215082\/revisions"}],"wp:featuredmedia":[{"embeddable":true,"href":"https:\/\/archive.sana.sy\/tr\/index.php?rest_route=\/wp\/v2\/media\/215083"}],"wp:attachment":[{"href":"https:\/\/archive.sana.sy\/tr\/index.php?rest_route=%2Fwp%2Fv2%2Fmedia&parent=215082"}],"wp:term":[{"taxonomy":"category","embeddable":true,"href":"https:\/\/archive.sana.sy\/tr\/index.php?rest_route=%2Fwp%2Fv2%2Fcategories&post=215082"},{"taxonomy":"post_tag","embeddable":true,"href":"https:\/\/archive.sana.sy\/tr\/index.php?rest_route=%2Fwp%2Fv2%2Ftags&post=215082"}],"curies":[{"name":"wp","href":"https:\/\/api.w.org\/{rel}","templated":true}]}}