{"id":215157,"date":"2020-08-01T12:36:36","date_gmt":"2020-08-01T09:36:36","guid":{"rendered":"http:\/\/www.sana.sy\/tr\/?p=215157"},"modified":"2020-08-02T12:20:14","modified_gmt":"2020-08-02T09:20:14","slug":"cumhurbaskani-el-esad-ordu-bayrami-munasebetiyle-silahli-kuvvetlere-saldirgan-terorist-savasinda-cesitli-asamalarinda-asil-ve-ozgur-olup-gururlu-halkimiz-ile-birlikteydiniz","status":"publish","type":"post","link":"https:\/\/archive.sana.sy\/tr\/?p=215157","title":{"rendered":"Cumhurba\u015fkan\u0131 el Esad, Ordu Bayram\u0131 M\u00fcnasebetiyle Silahl\u0131 Kuvvetlere: Sald\u0131rgan Ter\u00f6rist Sava\u015f\u0131nda \u00c7e\u015fitli A\u015famalar\u0131nda Asil Ve \u00d6zg\u00fcr Olup Gururlu Halk\u0131m\u0131z \u0130le Birlikteydiniz"},"content":{"rendered":"<p>\u015eAM \u2013 Ordu ve Silahl\u0131 Kuvvetler Genel Komutan\u0131 Cumhurba\u015fkan\u0131 Be\u015f\u015far el Esad, ordu kahramanlar\u0131n\u0131n sald\u0131rgan ter\u00f6rist sava\u015f\u0131n \u00e7e\u015fitli a\u015famalar\u0131nda asil ve \u00f6zg\u00fcr olarak gururlu halk\u0131m\u0131zla olup b\u00fcy\u00fck zaferlere ve harika ba\u015far\u0131lara ula\u015ft\u0131klar\u0131n\u0131 do\u011frulad\u0131.<\/p>\n<p>Suriye Ordusunun kurulu\u015funun 75. Y\u0131ld\u00f6n\u00fcm\u00fc m\u00fcnasebetiyle Halk Ordusu Dergisi arac\u0131l\u0131\u011f\u0131yla Silahli kuvvetlere kelimede bulunan Cumhurba\u015fkan\u0131 el Esad; vatan\u0131 koruyan ve zafer kazanan Suriye Arap ordusuna gururunu ve takdirini ifade etti.<\/p>\n<p>Ordu kahramanlara seslenen Cumhurba\u015fkan\u0131 el Esad; \u201cbaz\u0131 taraflar, sizin kararlar\u0131n\u0131z\u0131 etkileyebileceklerine ve iradenizi zay\u0131flatabileceklerine inand\u0131klar\u0131 zaman onlar\u0131n kibirliklerini k\u0131rd\u0131n\u0131z.. Siz, sald\u0131rgan ter\u00f6rist sava\u015f\u0131n \u00e7e\u015fitli a\u015famalar\u0131nda, fedakarl\u0131k ve cesaret meydanlar\u0131nda halk\u0131m\u0131z\u0131 koruyan kahrmanlar\u0131 olmaya devam ettiniz..\u201d ifadelerini kulland\u0131.<\/p>\n<p>Cumhurba\u015fkan\u0131 el Esad ordu kahramanlar\u0131m\u0131za; &#8220;Kararl\u0131 ve cesur bir kahranam oldu\u011funuza, ne korku ne de teredd\u00fct bildiniz, vatan\u0131 ve insanlar\u0131 savunmak i\u00e7in her \u015feyi \u00f6demeye her zaman haz\u0131r oldu\u011funuzu kan\u0131tlad\u0131n\u0131z&#8221; dedi.<\/p>\n<p>Cumhurba\u015fkan\u0131 Esad; Suriye Arap Ordusunun, dokuz y\u0131ll\u0131k Suriye ve Suriye halk\u0131na kar\u015f\u0131 s\u00f6m\u00fcrgeci g\u00fc\u00e7lerin kulland\u0131klar\u0131 her t\u00fcrl\u00fc sald\u0131rganl\u0131k yolu ve ter\u00f6rizmi i\u00e7eren sava\u015f\u0131nda b\u00fcy\u00fck ba\u015far\u0131lar\u0131 kaydetti\u011fini dile getirdi.<\/p>\n<p>Son olarak, Cumhurba\u015fkan\u0131 Esad; ordu kahramanlar\u0131m\u0131za t\u00fcm Suriye topraklar\u0131n\u0131n ter\u00f6rizm ve i\u015fgalden kurtulmas\u0131na kadar, fedakarl\u0131k ve kahramanl\u0131k yoluna devam etmeye \u00e7a\u011fr\u0131da bulundu.<\/p>\n<p>M.Y ve P.M<\/p>\n","protected":false},"excerpt":{"rendered":"<p>\u015eAM \u2013 Ordu ve Silahl\u0131 Kuvvetler Genel Komutan\u0131 Cumhurba\u015fkan\u0131 Be\u015f\u015far el Esad, ordu kahramanlar\u0131n\u0131n sald\u0131rgan ter\u00f6rist sava\u015f\u0131n \u00e7e\u015fitli a\u015famalar\u0131nda asil ve \u00f6zg\u00fcr olarak gururlu halk\u0131m\u0131zla olup b\u00fcy\u00fck zaferlere ve harika ba\u015far\u0131lara ula\u015ft\u0131klar\u0131n\u0131 do\u011frulad\u0131. Suriye Ordusunun kurulu\u015funun 75. Y\u0131ld\u00f6n\u00fcm\u00fc m\u00fcnasebetiyle Halk Ordusu Dergisi arac\u0131l\u0131\u011f\u0131yla Silahli kuvvetlere kelimede bulunan Cumhurba\u015fkan\u0131 el Esad; vatan\u0131 koruyan ve zafer kazanan &hellip;<\/p>\n","protected":false},"author":36,"featured_media":215158,"comment_status":"closed","ping_status":"closed","sticky":false,"template":"","format":"standard","meta":{"footnotes":""},"categories":[479,609,605,17988,478],"tags":[],"class_list":["post-215157","post","type-post","status-publish","format-standard","has-post-thumbnail","","category-haberler-yerel","category-konusmalar","category-sayin-cumhurbaskani","category-son-haberler","category-yerel"],"_links":{"self":[{"href":"https:\/\/archive.sana.sy\/tr\/index.php?rest_route=\/wp\/v2\/posts\/215157","targetHints":{"allow":["GET"]}}],"collection":[{"href":"https:\/\/archive.sana.sy\/tr\/index.php?rest_route=\/wp\/v2\/posts"}],"about":[{"href":"https:\/\/archive.sana.sy\/tr\/index.php?rest_route=\/wp\/v2\/types\/post"}],"author":[{"embeddable":true,"href":"https:\/\/archive.sana.sy\/tr\/index.php?rest_route=\/wp\/v2\/users\/36"}],"replies":[{"embeddable":true,"href":"https:\/\/archive.sana.sy\/tr\/index.php?rest_route=%2Fwp%2Fv2%2Fcomments&post=215157"}],"version-history":[{"count":0,"href":"https:\/\/archive.sana.sy\/tr\/index.php?rest_route=\/wp\/v2\/posts\/215157\/revisions"}],"wp:featuredmedia":[{"embeddable":true,"href":"https:\/\/archive.sana.sy\/tr\/index.php?rest_route=\/wp\/v2\/media\/215158"}],"wp:attachment":[{"href":"https:\/\/archive.sana.sy\/tr\/index.php?rest_route=%2Fwp%2Fv2%2Fmedia&parent=215157"}],"wp:term":[{"taxonomy":"category","embeddable":true,"href":"https:\/\/archive.sana.sy\/tr\/index.php?rest_route=%2Fwp%2Fv2%2Fcategories&post=215157"},{"taxonomy":"post_tag","embeddable":true,"href":"https:\/\/archive.sana.sy\/tr\/index.php?rest_route=%2Fwp%2Fv2%2Ftags&post=215157"}],"curies":[{"name":"wp","href":"https:\/\/api.w.org\/{rel}","templated":true}]}}