{"id":21517,"date":"2015-01-21T14:20:27","date_gmt":"2015-01-21T12:20:27","guid":{"rendered":"http:\/\/www.sana.sy\/tr\/?p=21517"},"modified":"2015-01-21T14:20:27","modified_gmt":"2015-01-21T12:20:27","slug":"teroristlerin-%20-ila-%50si-batili-devletlerden-geldi","status":"publish","type":"post","link":"https:\/\/archive.sana.sy\/tr\/?p=21517","title":{"rendered":"Ter\u00f6ristlerin %20 ila %50\u2019si Bat\u0131l\u0131 Devletlerden Geldi"},"content":{"rendered":"<p>TAHRAN \u2013 \u0130ran D\u0131\u015fi\u015fleri Bakan\u0131 Muhammed Cevat Zarif Bat\u0131l\u0131 devletlerden y\u00fcksek say\u0131da vatanda\u015f\u0131n Suriye&#8217;de ter\u00f6r \u00f6rg\u00fctleri saflar\u0131na kat\u0131ld\u0131klar\u0131n\u0131 belirtti.<\/p>\n<p>Afganistan\u2019dan d\u00f6n\u00fc\u015f\u00fc ard\u0131ndan bug\u00fcn Tahran\u2019da bas\u0131na a\u00e7\u0131klama yapan Zarif; yap\u0131lan son istatistiklere g\u00f6re Suriye ve Irak\u2019ta ter\u00f6r eylemlerinde bulunan ter\u00f6ristlerin 20 ila 50\u2019sinin Bat\u0131l\u0131 devletlerden geldiklerini ortaya koydu\u011funa dikkat \u00e7ekti.<\/p>\n<p>Zarif dolay\u0131s\u0131yla Bat\u0131l\u0131 devletlerden; vatanda\u015flar\u0131n\u0131n Suriye ve Irak\u2019ta I\u015e\u0130D\u2019in yan\u0131 s\u0131ra di\u011fer ter\u00f6r \u00f6rg\u00fctlere bu denli y\u00fcksek say\u0131da kat\u0131lmalar\u0131n\u0131n nedenlerini ve temellerini opbjektif bir \u015fekilde sorgulamalar\u0131n\u0131 talep etti.<\/p>\n<p>A.A.<\/p>\n","protected":false},"excerpt":{"rendered":"<p>TAHRAN \u2013 \u0130ran D\u0131\u015fi\u015fleri Bakan\u0131 Muhammed Cevat Zarif Bat\u0131l\u0131 devletlerden y\u00fcksek say\u0131da vatanda\u015f\u0131n Suriye&#8217;de ter\u00f6r \u00f6rg\u00fctleri saflar\u0131na kat\u0131ld\u0131klar\u0131n\u0131 belirtti. Afganistan\u2019dan d\u00f6n\u00fc\u015f\u00fc ard\u0131ndan bug\u00fcn Tahran\u2019da bas\u0131na a\u00e7\u0131klama yapan Zarif; yap\u0131lan son istatistiklere g\u00f6re Suriye ve Irak\u2019ta ter\u00f6r eylemlerinde bulunan ter\u00f6ristlerin 20 ila 50\u2019sinin Bat\u0131l\u0131 devletlerden geldiklerini ortaya koydu\u011funa dikkat \u00e7ekti. Zarif dolay\u0131s\u0131yla Bat\u0131l\u0131 devletlerden; vatanda\u015flar\u0131n\u0131n Suriye &hellip;<\/p>\n","protected":false},"author":1,"featured_media":21518,"comment_status":"closed","ping_status":"closed","sticky":false,"template":"","format":"standard","meta":{"footnotes":""},"categories":[458,459,447],"tags":[10458],"class_list":["post-21517","post","type-post","status-publish","format-standard","has-post-thumbnail","","category-dunya1","category-haberler-arap-uluslararasi-politika","category-politika","tag-teroristlerin-ila-si-batili-devletlerden-geldi-tahran-iran-disisleri-bakani-muhammed-cevat-zarif-batili-devletlerden-yuksek-sayida-vatandasin-suriyede-teror-orgutleri-saflarina-kat"],"_links":{"self":[{"href":"https:\/\/archive.sana.sy\/tr\/index.php?rest_route=\/wp\/v2\/posts\/21517","targetHints":{"allow":["GET"]}}],"collection":[{"href":"https:\/\/archive.sana.sy\/tr\/index.php?rest_route=\/wp\/v2\/posts"}],"about":[{"href":"https:\/\/archive.sana.sy\/tr\/index.php?rest_route=\/wp\/v2\/types\/post"}],"author":[{"embeddable":true,"href":"https:\/\/archive.sana.sy\/tr\/index.php?rest_route=\/wp\/v2\/users\/1"}],"replies":[{"embeddable":true,"href":"https:\/\/archive.sana.sy\/tr\/index.php?rest_route=%2Fwp%2Fv2%2Fcomments&post=21517"}],"version-history":[{"count":0,"href":"https:\/\/archive.sana.sy\/tr\/index.php?rest_route=\/wp\/v2\/posts\/21517\/revisions"}],"wp:featuredmedia":[{"embeddable":true,"href":"https:\/\/archive.sana.sy\/tr\/index.php?rest_route=\/wp\/v2\/media\/21518"}],"wp:attachment":[{"href":"https:\/\/archive.sana.sy\/tr\/index.php?rest_route=%2Fwp%2Fv2%2Fmedia&parent=21517"}],"wp:term":[{"taxonomy":"category","embeddable":true,"href":"https:\/\/archive.sana.sy\/tr\/index.php?rest_route=%2Fwp%2Fv2%2Fcategories&post=21517"},{"taxonomy":"post_tag","embeddable":true,"href":"https:\/\/archive.sana.sy\/tr\/index.php?rest_route=%2Fwp%2Fv2%2Ftags&post=21517"}],"curies":[{"name":"wp","href":"https:\/\/api.w.org\/{rel}","templated":true}]}}