{"id":21526,"date":"2015-01-21T20:11:28","date_gmt":"2015-01-21T18:11:28","guid":{"rendered":"http:\/\/www.sana.sy\/tr\/?p=21526"},"modified":"2015-01-22T20:03:16","modified_gmt":"2015-01-22T18:03:16","slug":"sivilleri-hedef-alan-iliman-muhalifler-yeni-bir-vahsete-imza-atti","status":"publish","type":"post","link":"https:\/\/archive.sana.sy\/tr\/?p=21526","title":{"rendered":"Sivilleri Hedef Alan \u2018Il\u0131man Muhalifler\u2019 Yeni Bir Vah\u015fete \u0130mza Att\u0131"},"content":{"rendered":"<p>HOMS \u2013 Ei kanl\u0131 gaddar ve korkak ter\u00f6r \u00e7eteleri Homs Kentinin sivil yerle\u015fim alanlar\u0131ndan \u0130krima Semti Hadara Caddesinde bombal\u0131 bir arac\u0131 havaya u\u00e7urdu.<\/p>\n<p>Homs Valisi Telal el Barazi SANA\u2019ya yapt\u0131\u011f\u0131 a\u00e7\u0131klamada ter\u00f6r \u00e7etelerinin bombal\u0131 ara\u00e7la bulunduklar\u0131 hain eylemde tamam\u0131 sivil olan 5 masum vatanda\u015f\u0131n \u015fehit, 35 vatanda\u015f\u0131n da yaral\u0131 d\u00fc\u015ft\u00fc\u011f\u00fcn\u00fc a\u00e7\u0131klad\u0131.<\/p>\n<p>G\u00fcn\u00fcn ilerleyen saatlerinde Homs\u2019ta bas\u0131na a\u00e7\u0131klama yapan Homs \u0130l Sa\u011fl\u0131k M\u00fcd\u00fcrl\u00fc\u011f\u00fcnden t\u0131bbi bir kaynak; hain eylemin ger\u00e7ekle\u015ftirildi\u011fi b\u00f6lgeden muhtelif hastanelere geneli \u00e7ocuk ve kad\u0131nlardan olu\u015fan 5 \u015fehit ve 70 yaral\u0131n\u0131n kald\u0131r\u0131ld\u0131\u011f\u0131n\u0131 a\u00e7\u0131klad\u0131. Kaynak a\u011f\u0131r yaralanan bir vatanda\u015f\u0131n hastanede can vermesiyle \u015fehit say\u0131s\u0131n\u0131n 6\u2019ya y\u00fckseldi\u011fini ifade etti.<\/p>\n<p>Bu arada SANA\u2019n\u0131n Homs muhabiri ter\u00f6r \u00e7etelerinin hain eylemi sonucunda vatanda\u015flara ait onlarca i\u015fyeri, ev ve arac\u0131n yan\u0131 s\u0131ra altyap\u0131 ve hizmet \u015febekelerinin b\u00fcy\u00fck hasara u\u011frad\u0131\u011f\u0131n\u0131 aktard\u0131.<\/p>\n<p>Bu arada \u2018Il\u0131man muhalifler\u2019 olarak adland\u0131r\u0131lan ter\u00f6r \u00e7eteleri ge\u00e7en ekim ay\u0131n\u0131n sonlar\u0131nda ayn\u0131 b\u00f6lgede \u0130krima \u0130lk\u00f6\u011fretim Okulunu yine bombal\u0131 ara\u00e7la hedef alm\u0131\u015f, geneli ilk\u00f6\u011fretim \u00f6\u011frencileri olan 45\u2019ten fazla masum vatanda\u015f\u0131n \u015fehit, onlarca vatanda\u015f\u0131n da yaral\u0131 d\u00fc\u015fmelerine yol a\u00e7m\u0131\u015flard\u0131.<\/p>\n<p><a href=\"https:\/\/www.youtube.com\/watch?v=lYTBksWyYhU\">https:\/\/www.youtube.com\/watch?v=lYTBksWyYhU<\/a><\/p>\n<p>A.A. &#8211; R.H<\/p>\n","protected":false},"excerpt":{"rendered":"<p>HOMS \u2013 Ei kanl\u0131 gaddar ve korkak ter\u00f6r \u00e7eteleri Homs Kentinin sivil yerle\u015fim alanlar\u0131ndan \u0130krima Semti Hadara Caddesinde bombal\u0131 bir arac\u0131 havaya u\u00e7urdu. Homs Valisi Telal el Barazi SANA\u2019ya yapt\u0131\u011f\u0131 a\u00e7\u0131klamada ter\u00f6r \u00e7etelerinin bombal\u0131 ara\u00e7la bulunduklar\u0131 hain eylemde tamam\u0131 sivil olan 5 masum vatanda\u015f\u0131n \u015fehit, 35 vatanda\u015f\u0131n da yaral\u0131 d\u00fc\u015ft\u00fc\u011f\u00fcn\u00fc a\u00e7\u0131klad\u0131. G\u00fcn\u00fcn ilerleyen saatlerinde Homs\u2019ta &hellip;<\/p>\n","protected":false},"author":1,"featured_media":21560,"comment_status":"closed","ping_status":"closed","sticky":false,"template":"","format":"standard","meta":{"footnotes":""},"categories":[575],"tags":[10463,10464,10462],"class_list":["post-21526","post","type-post","status-publish","format-standard","has-post-thumbnail","","category-olaylar-ve-gercekler","tag-35-vatandasin-da-yarali-dustugunu-acikladi-bu-arada-iliman-muhalifler-olarak-adlandirilan-teror-ceteleri-birkac-ay-once-ayni-bolgede-ikrima-ilkogretim-okulunu-yine-bombali-aracla-he","tag-50ye-yakin-cocugun-sehit-dusmelerine-yol-acmislardi","tag-sivilleri-hedef-alan-iliman-muhalifler-yeni-bir-vahsete-imza-atti-homs-ei-kanli-gaddar-ve-korkak-teror-ceteleri-homs-kentinin-sivil-yerlesim-alanlarindan-ikrima-semti-hadar"],"_links":{"self":[{"href":"https:\/\/archive.sana.sy\/tr\/index.php?rest_route=\/wp\/v2\/posts\/21526","targetHints":{"allow":["GET"]}}],"collection":[{"href":"https:\/\/archive.sana.sy\/tr\/index.php?rest_route=\/wp\/v2\/posts"}],"about":[{"href":"https:\/\/archive.sana.sy\/tr\/index.php?rest_route=\/wp\/v2\/types\/post"}],"author":[{"embeddable":true,"href":"https:\/\/archive.sana.sy\/tr\/index.php?rest_route=\/wp\/v2\/users\/1"}],"replies":[{"embeddable":true,"href":"https:\/\/archive.sana.sy\/tr\/index.php?rest_route=%2Fwp%2Fv2%2Fcomments&post=21526"}],"version-history":[{"count":0,"href":"https:\/\/archive.sana.sy\/tr\/index.php?rest_route=\/wp\/v2\/posts\/21526\/revisions"}],"wp:featuredmedia":[{"embeddable":true,"href":"https:\/\/archive.sana.sy\/tr\/index.php?rest_route=\/wp\/v2\/media\/21560"}],"wp:attachment":[{"href":"https:\/\/archive.sana.sy\/tr\/index.php?rest_route=%2Fwp%2Fv2%2Fmedia&parent=21526"}],"wp:term":[{"taxonomy":"category","embeddable":true,"href":"https:\/\/archive.sana.sy\/tr\/index.php?rest_route=%2Fwp%2Fv2%2Fcategories&post=21526"},{"taxonomy":"post_tag","embeddable":true,"href":"https:\/\/archive.sana.sy\/tr\/index.php?rest_route=%2Fwp%2Fv2%2Ftags&post=21526"}],"curies":[{"name":"wp","href":"https:\/\/api.w.org\/{rel}","templated":true}]}}