{"id":215605,"date":"2020-08-10T14:19:15","date_gmt":"2020-08-10T11:19:15","guid":{"rendered":"http:\/\/www.sana.sy\/tr\/?p=215605"},"modified":"2020-08-11T13:10:40","modified_gmt":"2020-08-11T10:10:40","slug":"homsta-sterilize-kampanyasi-baslatildi","status":"publish","type":"post","link":"https:\/\/archive.sana.sy\/tr\/?p=215605","title":{"rendered":"Homs&#8217;ta Sterilize Kampanyas\u0131 Ba\u015flat\u0131ld\u0131"},"content":{"rendered":"<p>HOMS \u2013 Homs Belediyesi bug\u00fcn koronavir\u00fcs\u00fcn yay\u0131lmas\u0131n\u0131 engelleme \u00e7abalar\u0131 \u00e7er\u00e7evesinde kentin farkl\u0131 semtlerinde sterilize kampanyas\u0131 ba\u015flatt\u0131.<\/p>\n<p>Homs Belediyesi Konsey Ba\u015fkan\u0131 Abd\u00fcllah Bevab SANA muhabirine yapt\u0131\u011f\u0131 a\u00e7\u0131klamada; kampanyan\u0131n konsey taraf\u0131ndan al\u0131nan bir dizi tedbirlerin ek olarak ger\u00e7ekle\u015ftirildi\u011fine i\u015faret ederken, vatanda\u015flar\u0131n makse ve eldiven takma gibi koronavir\u00fcs\u00fcn yay\u0131lmas\u0131n\u0131 engelleme tedbirlerine \u00f6zellikle devlet kurumlara girdiklerinde ve kamu yerlerinde bulunduklar\u0131nda ba\u011fl\u0131 kalmalar\u0131n\u0131n \u00f6nemini vurgulad\u0131.<\/p>\n<p>\u00c7eviri: P.M.<\/p>\n","protected":false},"excerpt":{"rendered":"<p>HOMS \u2013 Homs Belediyesi bug\u00fcn koronavir\u00fcs\u00fcn yay\u0131lmas\u0131n\u0131 engelleme \u00e7abalar\u0131 \u00e7er\u00e7evesinde kentin farkl\u0131 semtlerinde sterilize kampanyas\u0131 ba\u015flatt\u0131. Homs Belediyesi Konsey Ba\u015fkan\u0131 Abd\u00fcllah Bevab SANA muhabirine yapt\u0131\u011f\u0131 a\u00e7\u0131klamada; kampanyan\u0131n konsey taraf\u0131ndan al\u0131nan bir dizi tedbirlerin ek olarak ger\u00e7ekle\u015ftirildi\u011fine i\u015faret ederken, vatanda\u015flar\u0131n makse ve eldiven takma gibi koronavir\u00fcs\u00fcn yay\u0131lmas\u0131n\u0131 engelleme tedbirlerine \u00f6zellikle devlet kurumlara girdiklerinde ve kamu yerlerinde &hellip;<\/p>\n","protected":false},"author":1,"featured_media":215615,"comment_status":"closed","ping_status":"closed","sticky":false,"template":"","format":"standard","meta":{"footnotes":""},"categories":[479,17988,478],"tags":[],"class_list":["post-215605","post","type-post","status-publish","format-standard","has-post-thumbnail","","category-haberler-yerel","category-son-haberler","category-yerel"],"_links":{"self":[{"href":"https:\/\/archive.sana.sy\/tr\/index.php?rest_route=\/wp\/v2\/posts\/215605","targetHints":{"allow":["GET"]}}],"collection":[{"href":"https:\/\/archive.sana.sy\/tr\/index.php?rest_route=\/wp\/v2\/posts"}],"about":[{"href":"https:\/\/archive.sana.sy\/tr\/index.php?rest_route=\/wp\/v2\/types\/post"}],"author":[{"embeddable":true,"href":"https:\/\/archive.sana.sy\/tr\/index.php?rest_route=\/wp\/v2\/users\/1"}],"replies":[{"embeddable":true,"href":"https:\/\/archive.sana.sy\/tr\/index.php?rest_route=%2Fwp%2Fv2%2Fcomments&post=215605"}],"version-history":[{"count":0,"href":"https:\/\/archive.sana.sy\/tr\/index.php?rest_route=\/wp\/v2\/posts\/215605\/revisions"}],"wp:featuredmedia":[{"embeddable":true,"href":"https:\/\/archive.sana.sy\/tr\/index.php?rest_route=\/wp\/v2\/media\/215615"}],"wp:attachment":[{"href":"https:\/\/archive.sana.sy\/tr\/index.php?rest_route=%2Fwp%2Fv2%2Fmedia&parent=215605"}],"wp:term":[{"taxonomy":"category","embeddable":true,"href":"https:\/\/archive.sana.sy\/tr\/index.php?rest_route=%2Fwp%2Fv2%2Fcategories&post=215605"},{"taxonomy":"post_tag","embeddable":true,"href":"https:\/\/archive.sana.sy\/tr\/index.php?rest_route=%2Fwp%2Fv2%2Ftags&post=215605"}],"curies":[{"name":"wp","href":"https:\/\/api.w.org\/{rel}","templated":true}]}}