{"id":21561,"date":"2015-01-21T20:17:12","date_gmt":"2015-01-21T18:17:12","guid":{"rendered":"http:\/\/www.sana.sy\/tr\/?p=21561"},"modified":"2015-01-21T20:17:33","modified_gmt":"2015-01-21T18:17:33","slug":"dogalgaz-ve-petrol-uretimini-gelistirme-yontemleri-tartisildi","status":"publish","type":"post","link":"https:\/\/archive.sana.sy\/tr\/?p=21561","title":{"rendered":"Do\u011falgaz ve Petrol \u00dcretimini Geli\u015ftirme Y\u00f6ntemleri Tart\u0131\u015f\u0131ld\u0131"},"content":{"rendered":"<p>\u015eAM \u2013 Petrol Kurumu \u00c7al\u0131\u015ftay\u0131 bug\u00fcnk\u00fc toplant\u0131s\u0131nda Suriye&#8217;de Petrol ve do\u011falgaz kaynaklar\u0131 \u0130\u00e7in yat\u0131r\u0131m &#8211; kalk\u0131nma faaliyetlerini, ufkunu, maruz kald\u0131\u011f\u0131 meydan okumalar\u0131 ve petrol rezervlerini geli\u015ftirme stratejisini tart\u0131\u015ft\u0131.<\/p>\n<p><a href=\"http:\/\/www.sana.sy\/tr\/wp-content\/uploads\/2015\/01\/Petrol-Bakan\u0131-2.jpg\"><img loading=\"lazy\" decoding=\"async\" class=\"alignright wp-image-21563 size-medium\" src=\"http:\/\/www.sana.sy\/tr\/wp-content\/uploads\/2015\/01\/Petrol-Bakan\u0131-2-300x185.jpg\" alt=\"Petrol Bakan\u0131 2\" width=\"300\" height=\"185\" srcset=\"https:\/\/archive.sana.sy\/tr\/wp-content\/uploads\/2015\/01\/Petrol-Bakan\u0131-2-300x185.jpg 300w, https:\/\/archive.sana.sy\/tr\/wp-content\/uploads\/2015\/01\/Petrol-Bakan\u0131-2-150x93.jpg 150w, https:\/\/archive.sana.sy\/tr\/wp-content\/uploads\/2015\/01\/Petrol-Bakan\u0131-2-1024x631.jpg 1024w\" sizes=\"auto, (max-width: 300px) 100vw, 300px\" \/><\/a>Petrol ve do\u011falgaz sekt\u00f6r\u00fcyle ilgili stratejik bak\u0131\u015f a\u00e7\u0131lar\u0131na odaklanan \u00c7al\u0131\u015ftay toplant\u0131s\u0131nda en az 15 y\u0131ll\u0131k bir s\u00fcre i\u00e7in petrol ve do\u011falgaz \u00fcretiminin geli\u015ftirilmesine ili\u015fkin kapsaml\u0131 projeler haz\u0131rlanmas\u0131 olanaklar\u0131 incelendi.<\/p>\n<p>Petrol ve Madeni Servet Bakan\u0131 S\u00fcleyman el Abbas; \u00fclkede ya\u015fanmakta olan krizin petrol aktarma hatlar\u0131na b\u00fcy\u00fck hasar verdi\u011fine i\u015faret ederek bir\u00e7ok petrol aktarma hatt\u0131n\u0131n hizmet d\u0131\u015f\u0131 kald\u0131\u011f\u0131n\u0131 belirtti.<\/p>\n<p>Ayr\u0131ca \u00fclkede \u00fcretilen petrol\u00fcn b\u00fcy\u00fck bir b\u00f6l\u00fcm\u00fcn\u00fcn \u00e7al\u0131nmakta oldu\u011funa dikkat \u00e7eken Abbas; petrol\u00fcn \u00e7al\u0131nmas\u0131n\u0131 \u00f6nlemek i\u00e7in \u00f6zel bir \u00e7al\u0131\u015fma projesi haz\u0131rlamak gerekti\u011fini belirtti.<\/p>\n<p>F.B.<\/p>\n","protected":false},"excerpt":{"rendered":"<p>\u015eAM \u2013 Petrol Kurumu \u00c7al\u0131\u015ftay\u0131 bug\u00fcnk\u00fc toplant\u0131s\u0131nda Suriye&#8217;de Petrol ve do\u011falgaz kaynaklar\u0131 \u0130\u00e7in yat\u0131r\u0131m &#8211; kalk\u0131nma faaliyetlerini, ufkunu, maruz kald\u0131\u011f\u0131 meydan okumalar\u0131 ve petrol rezervlerini geli\u015ftirme stratejisini tart\u0131\u015ft\u0131. Petrol ve do\u011falgaz sekt\u00f6r\u00fcyle ilgili stratejik bak\u0131\u015f a\u00e7\u0131lar\u0131na odaklanan \u00c7al\u0131\u015ftay toplant\u0131s\u0131nda en az 15 y\u0131ll\u0131k bir s\u00fcre i\u00e7in petrol ve do\u011falgaz \u00fcretiminin geli\u015ftirilmesine ili\u015fkin kapsaml\u0131 projeler haz\u0131rlanmas\u0131 &hellip;<\/p>\n","protected":false},"author":1,"featured_media":21562,"comment_status":"closed","ping_status":"closed","sticky":false,"template":"","format":"standard","meta":{"footnotes":""},"categories":[485],"tags":[10478,10480,10479],"class_list":["post-21561","post","type-post","status-publish","format-standard","has-post-thumbnail","","category-is-ve-sermaye","tag-dogalgaz-ve-petrol-uretimini-gelistirme-yontemleri-tartisildi-sam-petrol-kurumu-calistayi-bugunku-toplantisinda-suriyede-petrol-ve-dogalgaz-kaynaklari-icin-yatirim-kalkinma-faaliyetlerini","tag-maruz-kaldigi-meydan-okumalari-ve-petrol-rezervlerini-gelistirme-stratejisini-tartisti-petrol-ve-dogalgaz-sektoruyle-ilgili-stratejik-bakis-acilarina-odaklanan-calistay-toplantisinda-en-az-15-yillik","tag-ufkunu"],"_links":{"self":[{"href":"https:\/\/archive.sana.sy\/tr\/index.php?rest_route=\/wp\/v2\/posts\/21561","targetHints":{"allow":["GET"]}}],"collection":[{"href":"https:\/\/archive.sana.sy\/tr\/index.php?rest_route=\/wp\/v2\/posts"}],"about":[{"href":"https:\/\/archive.sana.sy\/tr\/index.php?rest_route=\/wp\/v2\/types\/post"}],"author":[{"embeddable":true,"href":"https:\/\/archive.sana.sy\/tr\/index.php?rest_route=\/wp\/v2\/users\/1"}],"replies":[{"embeddable":true,"href":"https:\/\/archive.sana.sy\/tr\/index.php?rest_route=%2Fwp%2Fv2%2Fcomments&post=21561"}],"version-history":[{"count":0,"href":"https:\/\/archive.sana.sy\/tr\/index.php?rest_route=\/wp\/v2\/posts\/21561\/revisions"}],"wp:featuredmedia":[{"embeddable":true,"href":"https:\/\/archive.sana.sy\/tr\/index.php?rest_route=\/wp\/v2\/media\/21562"}],"wp:attachment":[{"href":"https:\/\/archive.sana.sy\/tr\/index.php?rest_route=%2Fwp%2Fv2%2Fmedia&parent=21561"}],"wp:term":[{"taxonomy":"category","embeddable":true,"href":"https:\/\/archive.sana.sy\/tr\/index.php?rest_route=%2Fwp%2Fv2%2Fcategories&post=21561"},{"taxonomy":"post_tag","embeddable":true,"href":"https:\/\/archive.sana.sy\/tr\/index.php?rest_route=%2Fwp%2Fv2%2Ftags&post=21561"}],"curies":[{"name":"wp","href":"https:\/\/api.w.org\/{rel}","templated":true}]}}