{"id":215622,"date":"2020-08-10T20:50:40","date_gmt":"2020-08-10T17:50:40","guid":{"rendered":"http:\/\/www.sana.sy\/tr\/?p=215622"},"modified":"2020-08-11T13:10:50","modified_gmt":"2020-08-11T10:10:50","slug":"deyrezzorda-dsg-milislerine-ait-askeri-aracta-bir-bomba-tuzagi-patladi","status":"publish","type":"post","link":"https:\/\/archive.sana.sy\/tr\/?p=215622","title":{"rendered":"Deyrezzor\u2019da DSG Milislerine Ait Askeri Ara\u00e7ta Bir Bomba Tuza\u011f\u0131 Patlad\u0131"},"content":{"rendered":"<p>DEYREZZOR &#8211; Deyrezzor \u0130li\u2019nin El \u015ee\u2019fe Beldesinde ABD i\u015fgal\u0131nca destekli DSG milislerine ait askeri ara\u00e7ta bir bomba tuza\u011f\u0131 patlad\u0131. S\u00f6zkonusu patlama Deyrezzor k\u0131rsal\u0131nda DSG milisleri ve ABD\u2019li i\u015fgal askerlerine kar\u015f\u0131 patlak veren halk ayaklanmas\u0131yla paralel \u015fekilde geldi.<\/p>\n<p>Yerel Kaynaklar, bilinmeyen ki\u015filerin Deyrezzor \u0130li\u2019nin El \u015ee\u2019fe Beldesinde DSG milislerine ait askeri araca yerle\u015ftirdikleri bomba tuza\u011f\u0131n\u0131n patlad\u0131\u011f\u0131n\u0131 belirtti. patlama olay\u0131 ard\u0131ndan DSG milislerinin beldeyi ku\u015fatt\u0131klar\u0131n\u0131 ekledi.<\/p>\n<p>&nbsp;<\/p>\n<p>&nbsp;<\/p>\n","protected":false},"excerpt":{"rendered":"<p>DEYREZZOR &#8211; Deyrezzor \u0130li\u2019nin El \u015ee\u2019fe Beldesinde ABD i\u015fgal\u0131nca destekli DSG milislerine ait askeri ara\u00e7ta bir bomba tuza\u011f\u0131 patlad\u0131. S\u00f6zkonusu patlama Deyrezzor k\u0131rsal\u0131nda DSG milisleri ve ABD\u2019li i\u015fgal askerlerine kar\u015f\u0131 patlak veren halk ayaklanmas\u0131yla paralel \u015fekilde geldi. Yerel Kaynaklar, bilinmeyen ki\u015filerin Deyrezzor \u0130li\u2019nin El \u015ee\u2019fe Beldesinde DSG milislerine ait askeri araca yerle\u015ftirdikleri bomba tuza\u011f\u0131n\u0131n patlad\u0131\u011f\u0131n\u0131 &hellip;<\/p>\n","protected":false},"author":1,"featured_media":215623,"comment_status":"closed","ping_status":"closed","sticky":false,"template":"","format":"standard","meta":{"footnotes":""},"categories":[479,575,17988,478],"tags":[],"class_list":["post-215622","post","type-post","status-publish","format-standard","has-post-thumbnail","","category-haberler-yerel","category-olaylar-ve-gercekler","category-son-haberler","category-yerel"],"_links":{"self":[{"href":"https:\/\/archive.sana.sy\/tr\/index.php?rest_route=\/wp\/v2\/posts\/215622","targetHints":{"allow":["GET"]}}],"collection":[{"href":"https:\/\/archive.sana.sy\/tr\/index.php?rest_route=\/wp\/v2\/posts"}],"about":[{"href":"https:\/\/archive.sana.sy\/tr\/index.php?rest_route=\/wp\/v2\/types\/post"}],"author":[{"embeddable":true,"href":"https:\/\/archive.sana.sy\/tr\/index.php?rest_route=\/wp\/v2\/users\/1"}],"replies":[{"embeddable":true,"href":"https:\/\/archive.sana.sy\/tr\/index.php?rest_route=%2Fwp%2Fv2%2Fcomments&post=215622"}],"version-history":[{"count":0,"href":"https:\/\/archive.sana.sy\/tr\/index.php?rest_route=\/wp\/v2\/posts\/215622\/revisions"}],"wp:featuredmedia":[{"embeddable":true,"href":"https:\/\/archive.sana.sy\/tr\/index.php?rest_route=\/wp\/v2\/media\/215623"}],"wp:attachment":[{"href":"https:\/\/archive.sana.sy\/tr\/index.php?rest_route=%2Fwp%2Fv2%2Fmedia&parent=215622"}],"wp:term":[{"taxonomy":"category","embeddable":true,"href":"https:\/\/archive.sana.sy\/tr\/index.php?rest_route=%2Fwp%2Fv2%2Fcategories&post=215622"},{"taxonomy":"post_tag","embeddable":true,"href":"https:\/\/archive.sana.sy\/tr\/index.php?rest_route=%2Fwp%2Fv2%2Ftags&post=215622"}],"curies":[{"name":"wp","href":"https:\/\/api.w.org\/{rel}","templated":true}]}}