{"id":215625,"date":"2020-08-10T20:59:21","date_gmt":"2020-08-10T17:59:21","guid":{"rendered":"http:\/\/www.sana.sy\/tr\/?p=215625"},"modified":"2020-08-11T13:21:53","modified_gmt":"2020-08-11T10:21:53","slug":"el-sebha-asiretleri-ogullari-suriye-topraklarini-herhangi-isgalden-kurtulusu-icin-butun-direnis-sekillerini-destekliyoruz","status":"publish","type":"post","link":"https:\/\/archive.sana.sy\/tr\/?p=215625","title":{"rendered":"El Sebha A\u015firetleri O\u011fullar\u0131, Suriye Topraklar\u0131n\u0131 Herhangi \u0130\u015fgalden Kurtulu\u015fu \u0130\u00e7in B\u00fct\u00fcn Direni\u015f \u015eekillerini Destekliyoruz"},"content":{"rendered":"<p>RAKKA KIRSALI \u2013 Rakka K\u0131rsal\u0131 El Sebhe b\u00f6lgesinde yerle\u015fen A\u015firetler o\u011fullar\u0131, Suriye topraklar\u0131n\u0131 herhangi i\u015fgalden kurtulu\u015fu i\u00e7in b\u00fct\u00fcn direni\u015f \u015fekillerinin desteklerini vurgulad\u0131.<\/p>\n<p>Rakka a\u015firetleri o\u011fullar\u0131, Deyrezzor\u2019daki Ueydat a\u015firetinin ayaklanmas\u0131na tam destekte bulunduklar\u0131n\u0131 ilan etti.<\/p>\n<p>A\u015firetler o\u011fullar\u0131, yay\u0131nlad\u0131klar\u0131 bir beyanda, \u015feyhleri ve a\u015firet \u00f6nderlerine y\u00f6nelik suikast eylemlerini k\u0131nad\u0131klar\u0131n\u0131 ve Suriye Devletine tam destekte bulunduklar\u0131n\u0131 dillendirdi.<\/p>\n<p>&nbsp;<\/p>\n<p>&nbsp;<\/p>\n<p>&nbsp;<\/p>\n","protected":false},"excerpt":{"rendered":"<p>RAKKA KIRSALI \u2013 Rakka K\u0131rsal\u0131 El Sebhe b\u00f6lgesinde yerle\u015fen A\u015firetler o\u011fullar\u0131, Suriye topraklar\u0131n\u0131 herhangi i\u015fgalden kurtulu\u015fu i\u00e7in b\u00fct\u00fcn direni\u015f \u015fekillerinin desteklerini vurgulad\u0131. Rakka a\u015firetleri o\u011fullar\u0131, Deyrezzor\u2019daki Ueydat a\u015firetinin ayaklanmas\u0131na tam destekte bulunduklar\u0131n\u0131 ilan etti. A\u015firetler o\u011fullar\u0131, yay\u0131nlad\u0131klar\u0131 bir beyanda, \u015feyhleri ve a\u015firet \u00f6nderlerine y\u00f6nelik suikast eylemlerini k\u0131nad\u0131klar\u0131n\u0131 ve Suriye Devletine tam destekte bulunduklar\u0131n\u0131 dillendirdi. &nbsp; &hellip;<\/p>\n","protected":false},"author":1,"featured_media":215626,"comment_status":"closed","ping_status":"closed","sticky":false,"template":"","format":"standard","meta":{"footnotes":""},"categories":[479,17988,478],"tags":[],"class_list":["post-215625","post","type-post","status-publish","format-standard","has-post-thumbnail","","category-haberler-yerel","category-son-haberler","category-yerel"],"_links":{"self":[{"href":"https:\/\/archive.sana.sy\/tr\/index.php?rest_route=\/wp\/v2\/posts\/215625","targetHints":{"allow":["GET"]}}],"collection":[{"href":"https:\/\/archive.sana.sy\/tr\/index.php?rest_route=\/wp\/v2\/posts"}],"about":[{"href":"https:\/\/archive.sana.sy\/tr\/index.php?rest_route=\/wp\/v2\/types\/post"}],"author":[{"embeddable":true,"href":"https:\/\/archive.sana.sy\/tr\/index.php?rest_route=\/wp\/v2\/users\/1"}],"replies":[{"embeddable":true,"href":"https:\/\/archive.sana.sy\/tr\/index.php?rest_route=%2Fwp%2Fv2%2Fcomments&post=215625"}],"version-history":[{"count":0,"href":"https:\/\/archive.sana.sy\/tr\/index.php?rest_route=\/wp\/v2\/posts\/215625\/revisions"}],"wp:featuredmedia":[{"embeddable":true,"href":"https:\/\/archive.sana.sy\/tr\/index.php?rest_route=\/wp\/v2\/media\/215626"}],"wp:attachment":[{"href":"https:\/\/archive.sana.sy\/tr\/index.php?rest_route=%2Fwp%2Fv2%2Fmedia&parent=215625"}],"wp:term":[{"taxonomy":"category","embeddable":true,"href":"https:\/\/archive.sana.sy\/tr\/index.php?rest_route=%2Fwp%2Fv2%2Fcategories&post=215625"},{"taxonomy":"post_tag","embeddable":true,"href":"https:\/\/archive.sana.sy\/tr\/index.php?rest_route=%2Fwp%2Fv2%2Ftags&post=215625"}],"curies":[{"name":"wp","href":"https:\/\/api.w.org\/{rel}","templated":true}]}}