{"id":215708,"date":"2020-08-12T12:09:35","date_gmt":"2020-08-12T09:09:35","guid":{"rendered":"http:\/\/www.sana.sy\/tr\/?p=215708"},"modified":"2020-08-13T11:00:37","modified_gmt":"2020-08-13T08:00:37","slug":"rusya-saglik-bakani-koronavirus-asisinin-ilk-partisinin-uretimi-iki-hafta-icerisinde-hazir-olur","status":"publish","type":"post","link":"https:\/\/archive.sana.sy\/tr\/?p=215708","title":{"rendered":"Rusya Sa\u011fl\u0131k Bakan\u0131 Koronavir\u00fcs A\u015f\u0131s\u0131n\u0131n \u0130lk Partisinin \u00dcretimi \u0130ki Hafta \u0130\u00e7erisinde Haz\u0131r Olur"},"content":{"rendered":"<p>MOSKOVA &#8211; Rusya Sa\u011fl\u0131k Bakan\u0131 Mihail Mura\u015fko, korona&#8217;ya kar\u015f\u0131 ilk a\u015f\u0131 i\u00e7in ilk partinin iki hafta i\u00e7erisinde haz\u0131r olmas\u0131n\u0131n beklendi\u011fini ilan etti.<\/p>\n<p>Rusya Bug\u00fcn sitesi Mura\u015fko&#8217;nun bug\u00fcn Moskova&#8217;da d\u00fczenledi\u011fi bas\u0131n toplant\u0131s\u0131ndan naklen; &#8221; Korona a\u015f\u0131s\u0131, somut bilimsel temele dayanmaktad\u0131r ve klinik testlerde etkili oldu\u011fu kan\u0131tlanm\u0131\u015ft\u0131r&#8221; diyerek, Rus a\u015f\u0131s\u0131na y\u00f6nelik yurt d\u0131\u015f\u0131ndan gelen ele\u015ftirilerin temelsiz ve rekabet endi\u015felerinden kaynakland\u0131\u011f\u0131na i\u015faret etti.<\/p>\n<p>&nbsp;<\/p>\n","protected":false},"excerpt":{"rendered":"<p>MOSKOVA &#8211; Rusya Sa\u011fl\u0131k Bakan\u0131 Mihail Mura\u015fko, korona&#8217;ya kar\u015f\u0131 ilk a\u015f\u0131 i\u00e7in ilk partinin iki hafta i\u00e7erisinde haz\u0131r olmas\u0131n\u0131n beklendi\u011fini ilan etti. Rusya Bug\u00fcn sitesi Mura\u015fko&#8217;nun bug\u00fcn Moskova&#8217;da d\u00fczenledi\u011fi bas\u0131n toplant\u0131s\u0131ndan naklen; &#8221; Korona a\u015f\u0131s\u0131, somut bilimsel temele dayanmaktad\u0131r ve klinik testlerde etkili oldu\u011fu kan\u0131tlanm\u0131\u015ft\u0131r&#8221; diyerek, Rus a\u015f\u0131s\u0131na y\u00f6nelik yurt d\u0131\u015f\u0131ndan gelen ele\u015ftirilerin temelsiz ve &hellip;<\/p>\n","protected":false},"author":36,"featured_media":215709,"comment_status":"closed","ping_status":"closed","sticky":false,"template":"","format":"standard","meta":{"footnotes":""},"categories":[458,459,17988],"tags":[],"class_list":["post-215708","post","type-post","status-publish","format-standard","has-post-thumbnail","","category-dunya1","category-haberler-arap-uluslararasi-politika","category-son-haberler"],"_links":{"self":[{"href":"https:\/\/archive.sana.sy\/tr\/index.php?rest_route=\/wp\/v2\/posts\/215708","targetHints":{"allow":["GET"]}}],"collection":[{"href":"https:\/\/archive.sana.sy\/tr\/index.php?rest_route=\/wp\/v2\/posts"}],"about":[{"href":"https:\/\/archive.sana.sy\/tr\/index.php?rest_route=\/wp\/v2\/types\/post"}],"author":[{"embeddable":true,"href":"https:\/\/archive.sana.sy\/tr\/index.php?rest_route=\/wp\/v2\/users\/36"}],"replies":[{"embeddable":true,"href":"https:\/\/archive.sana.sy\/tr\/index.php?rest_route=%2Fwp%2Fv2%2Fcomments&post=215708"}],"version-history":[{"count":0,"href":"https:\/\/archive.sana.sy\/tr\/index.php?rest_route=\/wp\/v2\/posts\/215708\/revisions"}],"wp:featuredmedia":[{"embeddable":true,"href":"https:\/\/archive.sana.sy\/tr\/index.php?rest_route=\/wp\/v2\/media\/215709"}],"wp:attachment":[{"href":"https:\/\/archive.sana.sy\/tr\/index.php?rest_route=%2Fwp%2Fv2%2Fmedia&parent=215708"}],"wp:term":[{"taxonomy":"category","embeddable":true,"href":"https:\/\/archive.sana.sy\/tr\/index.php?rest_route=%2Fwp%2Fv2%2Fcategories&post=215708"},{"taxonomy":"post_tag","embeddable":true,"href":"https:\/\/archive.sana.sy\/tr\/index.php?rest_route=%2Fwp%2Fv2%2Ftags&post=215708"}],"curies":[{"name":"wp","href":"https:\/\/api.w.org\/{rel}","templated":true}]}}