{"id":215711,"date":"2020-08-12T12:16:02","date_gmt":"2020-08-12T09:16:02","guid":{"rendered":"http:\/\/www.sana.sy\/tr\/?p=215711"},"modified":"2020-08-12T12:16:02","modified_gmt":"2020-08-12T09:16:02","slug":"cumhurbaskani-bessar-esad-halk-meclisinin-3-yasama-donemi-uyeleri-onunde-az-sonra-hitap-etmesi-bekleniyor","status":"publish","type":"post","link":"https:\/\/archive.sana.sy\/tr\/?p=215711","title":{"rendered":"Cumhurba\u015fkan\u0131 Be\u015f\u015far Esad Halk Meclisinin 3. Yasama D\u00f6nemi \u00fcyeleri \u00f6n\u00fcnde az sonra hitap etmesi bekleniyor"},"content":{"rendered":"<p>Cumhurba\u015fkan\u0131 Be\u015f\u015far Esad Halk Meclisinin 3. Yasama D\u00f6nemi \u00fcyeleri \u00f6n\u00fcnde az sonra hitap etmesi bekleniyor<\/p>\n","protected":false},"excerpt":{"rendered":"<p>Cumhurba\u015fkan\u0131 Be\u015f\u015far Esad Halk Meclisinin 3. Yasama D\u00f6nemi \u00fcyeleri \u00f6n\u00fcnde az sonra hitap etmesi bekleniyor<\/p>\n","protected":false},"author":36,"featured_media":0,"comment_status":"closed","ping_status":"closed","sticky":false,"template":"","format":"standard","meta":{"footnotes":""},"categories":[17991],"tags":[],"class_list":["post-215711","post","type-post","status-publish","format-standard","","category-son-dakika"],"_links":{"self":[{"href":"https:\/\/archive.sana.sy\/tr\/index.php?rest_route=\/wp\/v2\/posts\/215711","targetHints":{"allow":["GET"]}}],"collection":[{"href":"https:\/\/archive.sana.sy\/tr\/index.php?rest_route=\/wp\/v2\/posts"}],"about":[{"href":"https:\/\/archive.sana.sy\/tr\/index.php?rest_route=\/wp\/v2\/types\/post"}],"author":[{"embeddable":true,"href":"https:\/\/archive.sana.sy\/tr\/index.php?rest_route=\/wp\/v2\/users\/36"}],"replies":[{"embeddable":true,"href":"https:\/\/archive.sana.sy\/tr\/index.php?rest_route=%2Fwp%2Fv2%2Fcomments&post=215711"}],"version-history":[{"count":0,"href":"https:\/\/archive.sana.sy\/tr\/index.php?rest_route=\/wp\/v2\/posts\/215711\/revisions"}],"wp:attachment":[{"href":"https:\/\/archive.sana.sy\/tr\/index.php?rest_route=%2Fwp%2Fv2%2Fmedia&parent=215711"}],"wp:term":[{"taxonomy":"category","embeddable":true,"href":"https:\/\/archive.sana.sy\/tr\/index.php?rest_route=%2Fwp%2Fv2%2Fcategories&post=215711"},{"taxonomy":"post_tag","embeddable":true,"href":"https:\/\/archive.sana.sy\/tr\/index.php?rest_route=%2Fwp%2Fv2%2Ftags&post=215711"}],"curies":[{"name":"wp","href":"https:\/\/api.w.org\/{rel}","templated":true}]}}