{"id":215716,"date":"2020-08-12T13:00:11","date_gmt":"2020-08-12T10:00:11","guid":{"rendered":"http:\/\/www.sana.sy\/tr\/?p=215716"},"modified":"2020-08-13T11:00:40","modified_gmt":"2020-08-13T08:00:40","slug":"sanayi-bakanligi-yerel-uretimi-surdurmek-ve-kar-eden-firma-sayisini-artirmaya-calisiyor","status":"publish","type":"post","link":"https:\/\/archive.sana.sy\/tr\/?p=215716","title":{"rendered":"Sanayi Bakanl\u0131\u011f\u0131 Yerel \u00dcretimi S\u00fcrd\u00fcrmek Ve Kar Eden Firma Say\u0131s\u0131n\u0131 Art\u0131rmaya \u00c7al\u0131\u015f\u0131yor"},"content":{"rendered":"<p>\u015eAM &#8211; Sanayi Bakanl\u0131\u011f\u0131, mevcut \u00fcretim kapasitelerine g\u00f6re faaliyet g\u00f6sterecek sanayi tesislerini rehabilite ederek ve i\u015fleterek, kamu sekt\u00f6r\u00fc firmalar\u0131nda \u00fcretimi art\u0131rarak ve destekleyici projelerin uygulanmas\u0131yla \u00e7e\u015fitlendirerek, temel mallar\u0131n yerel pazarda temini, fazlas\u0131n\u0131 ihra\u00e7 etme, uygun kalite ve fiyat\u0131 koruyarak i\u015f imkan\u0131 yaratma s\u00fcreklili\u011fini sa\u011flayacak \u015fekilde yerel imalat\u0131n s\u00fcrd\u00fcr\u00fclebilirli\u011fini sa\u011flamay\u0131 ilke edinmi\u015ftir.<\/p>\n<p>Sanayi Bakanl\u0131\u011f\u0131, SANA Ekonomi B\u00fclteni&#8217;nin bir n\u00fcshas\u0131n\u0131 elde etti\u011fi sanayi sekt\u00f6r\u00fcn\u00fcn ger\u00e7ekli\u011fine ili\u015fkin raporunda, \u00fcretim plan\u0131n\u0131 uygulama oran\u0131n\u0131 y\u00fckselterek k\u00e2rl\u0131 kamu \u015firketlerinin say\u0131s\u0131n\u0131 art\u0131rmaya y\u00f6nelik tedbirler alarak, 100&#8217;den fazla \u015firket, fabrika ve \u015fubeyi i\u00e7eren 8 end\u00fcstriyel kamu kurulu\u015funda \u00fcr\u00fcn maliyetlerinin d\u00fc\u015f\u00fcr\u00fclmesi,kamu hazinesini ek kaynaklarla desteklemek i\u00e7in ekonomik a\u00e7\u0131dan uygunlu\u011fu olan \u00fcretim hatlar\u0131 ve tesislerinin k\u0131smi restorasyonu i\u00e7in bir plan haz\u0131rland\u0131\u011f\u0131n\u0131 belirtti.<\/p>\n<p>Bakanl\u0131k, 2019 y\u0131l\u0131 ba\u015f\u0131ndan 2020 y\u0131l\u0131n\u0131n ilk yar\u0131s\u0131na kadar, 75 hat ve makinenin, 28 hat ile kimya sanayi sekt\u00f6r\u00fcne, 25 ile tekstil sekt\u00f6r\u00fcne, 11 ile m\u00fchendislik sekt\u00f6r\u00fcne, 6 ile g\u0131da sekt\u00f6r\u00fcne ve 5 hat ile \u00e7imento sekt\u00f6r\u00fcne da\u011f\u0131t\u0131ld\u0131\u011f\u0131n\u0131, rehabilite edilenlerin toplam yeni \u00fcretim hatt\u0131 ve makine say\u0131s\u0131 olarak, durmu\u015f firmalar\u0131n kald\u0131r\u0131lmas\u0131, yeni \u00fcretim hatlar\u0131n\u0131n eklenmesi ve \u00fcr\u00fcnlerinin mevcut yeteneklere g\u00f6re geli\u015ftirilmesi i\u00e7in bir plan geli\u015ftirildi\u011fini a\u00e7\u0131klad\u0131.<\/p>\n<p>Rapora g\u00f6re Sanayi Bakanl\u0131\u011f\u0131, 2019 y\u0131l\u0131 ba\u015f\u0131ndan bu yana, \u015firketlerinin \u00fcr\u00fcnlerini yerel pazardaki \u00fcr\u00fcnlerini, bu firmalar\u0131n salonlar\u0131ndan veya merkezi sat\u0131\u015f salonlar\u0131ndan veyahut da Suriye Ticaret \u015eirketi&#8217;ndeki sat\u0131\u015f noktalar\u0131ndan temin etmek i\u00e7in ald\u0131\u011f\u0131 \u00f6nlemleri g\u00fc\u00e7lendirerek, ba\u015fta g\u0131da maddeleri olmak \u00fczere \u00e7ok \u00e7e\u015fitli emtialar\u0131 fiyat\u0131n alt\u0131nda fiyatlarla temin etti. \u0130\u00e7 pazardaki benzer \u00fcr\u00fcnlerin y\u00fczde 10 &#8211; 40 aras\u0131nda olmas\u0131, stoklar\u0131n cari y\u0131l\u0131n ba\u015f\u0131ndan be\u015finci ay\u0131n sonuna kadar 9,4 milyar Suriye liras\u0131 de\u011ferinde azalt\u0131lmas\u0131yla ekonomik rant\u0131n artmas\u0131na katk\u0131da bulunacak \u015fekilde yeni pazarlama mekanizmalar\u0131 geli\u015ftirerek sanayi kurulu\u015flar\u0131n\u0131n stokunu azaltmaya y\u00f6nelik s\u00fcrekli \u00e7abay\u0131 g\u00f6stermektedir.<\/p>\n<p>Bakanl\u0131k raporunda, d\u00f6n\u00fc\u015f\u00fcmsel ve stratejik end\u00fcstrilerin \u00fcretim ve stratejik halkalar\u0131n\u0131 geni\u015fleterek, katma de\u011feri y\u00fcksek end\u00fcstrilere, yenilenebilir enerji uygulamalar\u0131na, madencilik end\u00fcstrilerine, ileri teknolojik bile\u015fenli end\u00fcstrilere ve geri d\u00f6n\u00fc\u015f\u00fcm end\u00fcstrisine yat\u0131r\u0131m\u0131 te\u015fvik ederek bilimsel end\u00fcstri, \u00fcr\u00fcn\u00fcn modernizasyonu ve katma de\u011fer art\u0131\u015f\u0131 ilkesini benimsedi\u011fie i\u015faret ediyor.<\/p>\n<p>Bakanl\u0131k, sanayi kamu sekt\u00f6r\u00fcn\u00fcn desteklenmesi ve te\u015fvik edilmesi \u00e7er\u00e7evesinde, Sanayi Kamu Sekt\u00f6r\u00fc Reform Komitesi \u00e7al\u0131\u015fmalar\u0131n\u0131n tamamlanmas\u0131n\u0131 ve faaliyet g\u00f6steren t\u00fcm sanayi \u015firketleri i\u00e7in gerekli teknik i\u015f g\u00fcc\u00fcn\u00fcn sa\u011flanmas\u0131n\u0131n h\u0131zland\u0131r\u0131lmas\u0131n\u0131 \u00f6nerdi.<\/p>\n<p>Sanayi kamu sekt\u00f6r\u00fc sat\u0131\u015flar\u0131n\u0131n de\u011feri 2019&#8217;da 269,7 milyar liraya ula\u015f\u0131rken, bu y\u0131l\u0131n ilk yar\u0131s\u0131ndaki de\u011feri 196,4 milyar liraya ula\u015ft\u0131.<\/p>\n","protected":false},"excerpt":{"rendered":"<p>\u015eAM &#8211; Sanayi Bakanl\u0131\u011f\u0131, mevcut \u00fcretim kapasitelerine g\u00f6re faaliyet g\u00f6sterecek sanayi tesislerini rehabilite ederek ve i\u015fleterek, kamu sekt\u00f6r\u00fc firmalar\u0131nda \u00fcretimi art\u0131rarak ve destekleyici projelerin uygulanmas\u0131yla \u00e7e\u015fitlendirerek, temel mallar\u0131n yerel pazarda temini, fazlas\u0131n\u0131 ihra\u00e7 etme, uygun kalite ve fiyat\u0131 koruyarak i\u015f imkan\u0131 yaratma s\u00fcreklili\u011fini sa\u011flayacak \u015fekilde yerel imalat\u0131n s\u00fcrd\u00fcr\u00fclebilirli\u011fini sa\u011flamay\u0131 ilke edinmi\u015ftir. Sanayi Bakanl\u0131\u011f\u0131, SANA Ekonomi &hellip;<\/p>\n","protected":false},"author":1,"featured_media":215717,"comment_status":"closed","ping_status":"closed","sticky":false,"template":"","format":"standard","meta":{"footnotes":""},"categories":[485,486,479,17988,478],"tags":[],"class_list":["post-215716","post","type-post","status-publish","format-standard","has-post-thumbnail","","category-is-ve-sermaye","category-haberler-is-ve-sermaye","category-haberler-yerel","category-son-haberler","category-yerel"],"_links":{"self":[{"href":"https:\/\/archive.sana.sy\/tr\/index.php?rest_route=\/wp\/v2\/posts\/215716","targetHints":{"allow":["GET"]}}],"collection":[{"href":"https:\/\/archive.sana.sy\/tr\/index.php?rest_route=\/wp\/v2\/posts"}],"about":[{"href":"https:\/\/archive.sana.sy\/tr\/index.php?rest_route=\/wp\/v2\/types\/post"}],"author":[{"embeddable":true,"href":"https:\/\/archive.sana.sy\/tr\/index.php?rest_route=\/wp\/v2\/users\/1"}],"replies":[{"embeddable":true,"href":"https:\/\/archive.sana.sy\/tr\/index.php?rest_route=%2Fwp%2Fv2%2Fcomments&post=215716"}],"version-history":[{"count":0,"href":"https:\/\/archive.sana.sy\/tr\/index.php?rest_route=\/wp\/v2\/posts\/215716\/revisions"}],"wp:featuredmedia":[{"embeddable":true,"href":"https:\/\/archive.sana.sy\/tr\/index.php?rest_route=\/wp\/v2\/media\/215717"}],"wp:attachment":[{"href":"https:\/\/archive.sana.sy\/tr\/index.php?rest_route=%2Fwp%2Fv2%2Fmedia&parent=215716"}],"wp:term":[{"taxonomy":"category","embeddable":true,"href":"https:\/\/archive.sana.sy\/tr\/index.php?rest_route=%2Fwp%2Fv2%2Fcategories&post=215716"},{"taxonomy":"post_tag","embeddable":true,"href":"https:\/\/archive.sana.sy\/tr\/index.php?rest_route=%2Fwp%2Fv2%2Ftags&post=215716"}],"curies":[{"name":"wp","href":"https:\/\/api.w.org\/{rel}","templated":true}]}}