{"id":215746,"date":"2020-08-12T15:34:58","date_gmt":"2020-08-12T12:34:58","guid":{"rendered":"http:\/\/www.sana.sy\/tr\/?p=215746"},"modified":"2020-08-13T15:15:36","modified_gmt":"2020-08-13T12:15:36","slug":"rasul-ayn-sehrinde-isgalci-turk-guclerinin-kiraliklari-arasindaki-catismalar-yenilendi-2","status":"publish","type":"post","link":"https:\/\/archive.sana.sy\/tr\/?p=215746","title":{"rendered":"Rasul Ayn \u015eehrinde \u0130\u015fgalci T\u00fcrk G\u00fc\u00e7lerinin Kiral\u0131klar\u0131 Aras\u0131ndaki \u00c7at\u0131\u015fmalar Yenilendi"},"content":{"rendered":"<p>HASEKE \u2013 Haseke k\u0131rsal\u0131n\u0131n kuzeybat\u0131s\u0131nda yer alan Rasulayn b\u00f6lgesindeki baz\u0131 k\u00f6ylerde vatanda\u015flar\u0131n evlerinden \u00e7ald\u0131klar\u0131n\u0131 payla\u015f\u0131rken aralar\u0131nda \u00e7\u0131kan anla\u015fmas\u0131zl\u0131klar nedeniyle, T\u00fcrk rejiminin kiral\u0131klar\u0131 aras\u0131ndaki \u00e7at\u0131\u015fmalar yenilendi.<\/p>\n<p>Yerel kaynaklar, s\u00f6zde \u201cSultan Murad\u201d ile \u201cAhrar el \u015earkiye\u201d ter\u00f6rist gruplar\u0131 aras\u0131ndaki anla\u015fmas\u0131zl\u0131klar nedeniyle, Rasulayn b\u00f6lgesindeki Rehaniye, Ziyabiye ve \u015eellah k\u00f6ylerinde \u00e7at\u0131\u015fmaya d\u00f6n\u00fc\u015ft\u00fc\u011f\u00fcn\u00fc bildirdi.<\/p>\n<p>Kaynaklar, s\u00f6z konusu \u00e7at\u0131\u015fmalar\u0131n, ter\u00f6ristler aras\u0131nda can kay\u0131plar\u0131na, insanlar\u0131n evlerinde ve m\u00fclklerinde de maddi zarara yol a\u00e7t\u0131\u011f\u0131n\u0131 belirtirken, kendilerine y\u00f6nelik bu su\u00e7 uygulamalar\u0131ndan s\u0131k\u0131lan ahali aras\u0131nda pani\u011fe ve korkuya neden oldu\u011funa i\u015faret etti.<\/p>\n<p>\u00c7eviri: M.Y ve S.S<\/p>\n","protected":false},"excerpt":{"rendered":"<p>HASEKE \u2013 Haseke k\u0131rsal\u0131n\u0131n kuzeybat\u0131s\u0131nda yer alan Rasulayn b\u00f6lgesindeki baz\u0131 k\u00f6ylerde vatanda\u015flar\u0131n evlerinden \u00e7ald\u0131klar\u0131n\u0131 payla\u015f\u0131rken aralar\u0131nda \u00e7\u0131kan anla\u015fmas\u0131zl\u0131klar nedeniyle, T\u00fcrk rejiminin kiral\u0131klar\u0131 aras\u0131ndaki \u00e7at\u0131\u015fmalar yenilendi. Yerel kaynaklar, s\u00f6zde \u201cSultan Murad\u201d ile \u201cAhrar el \u015earkiye\u201d ter\u00f6rist gruplar\u0131 aras\u0131ndaki anla\u015fmas\u0131zl\u0131klar nedeniyle, Rasulayn b\u00f6lgesindeki Rehaniye, Ziyabiye ve \u015eellah k\u00f6ylerinde \u00e7at\u0131\u015fmaya d\u00f6n\u00fc\u015ft\u00fc\u011f\u00fcn\u00fc bildirdi. Kaynaklar, s\u00f6z konusu \u00e7at\u0131\u015fmalar\u0131n, ter\u00f6ristler aras\u0131nda &hellip;<\/p>\n","protected":false},"author":36,"featured_media":215747,"comment_status":"closed","ping_status":"closed","sticky":false,"template":"","format":"standard","meta":{"footnotes":""},"categories":[479,575,17988,2554,2555,478],"tags":[],"class_list":["post-215746","post","type-post","status-publish","format-standard","has-post-thumbnail","","category-haberler-yerel","category-olaylar-ve-gercekler","category-son-haberler","category-suriye-ve-dunya","category-suriye-ve-turkiye","category-yerel"],"_links":{"self":[{"href":"https:\/\/archive.sana.sy\/tr\/index.php?rest_route=\/wp\/v2\/posts\/215746","targetHints":{"allow":["GET"]}}],"collection":[{"href":"https:\/\/archive.sana.sy\/tr\/index.php?rest_route=\/wp\/v2\/posts"}],"about":[{"href":"https:\/\/archive.sana.sy\/tr\/index.php?rest_route=\/wp\/v2\/types\/post"}],"author":[{"embeddable":true,"href":"https:\/\/archive.sana.sy\/tr\/index.php?rest_route=\/wp\/v2\/users\/36"}],"replies":[{"embeddable":true,"href":"https:\/\/archive.sana.sy\/tr\/index.php?rest_route=%2Fwp%2Fv2%2Fcomments&post=215746"}],"version-history":[{"count":0,"href":"https:\/\/archive.sana.sy\/tr\/index.php?rest_route=\/wp\/v2\/posts\/215746\/revisions"}],"wp:featuredmedia":[{"embeddable":true,"href":"https:\/\/archive.sana.sy\/tr\/index.php?rest_route=\/wp\/v2\/media\/215747"}],"wp:attachment":[{"href":"https:\/\/archive.sana.sy\/tr\/index.php?rest_route=%2Fwp%2Fv2%2Fmedia&parent=215746"}],"wp:term":[{"taxonomy":"category","embeddable":true,"href":"https:\/\/archive.sana.sy\/tr\/index.php?rest_route=%2Fwp%2Fv2%2Fcategories&post=215746"},{"taxonomy":"post_tag","embeddable":true,"href":"https:\/\/archive.sana.sy\/tr\/index.php?rest_route=%2Fwp%2Fv2%2Ftags&post=215746"}],"curies":[{"name":"wp","href":"https:\/\/api.w.org\/{rel}","templated":true}]}}