{"id":215755,"date":"2020-08-12T16:57:01","date_gmt":"2020-08-12T13:57:01","guid":{"rendered":"http:\/\/www.sana.sy\/tr\/?p=215755"},"modified":"2020-08-12T17:12:52","modified_gmt":"2020-08-12T14:12:52","slug":"bu-aksam-saat-1830ta-cumhurbaskani-bessar-el-esadin-halk-meclisi-uyeleri-onundeki-konusmasini-basliyor","status":"publish","type":"post","link":"https:\/\/archive.sana.sy\/tr\/?p=215755","title":{"rendered":"Bu ak\u015fam saat 18:30&#8217;ta Cumhurba\u015fkan\u0131 Be\u015far el Esad&#8217;\u0131n Halk Meclisi \u00fcyeleri \u00f6n\u00fcndeki konu\u015fmas\u0131n\u0131 ba\u015fl\u0131yor"},"content":{"rendered":"<p>Bu ak\u015fam saat 18:30&#8217;ta Cumhurba\u015fkan\u0131 Be\u015far el Esad&#8217;\u0131n Halk Meclisi \u00fcyeleri \u00f6n\u00fcndeki konu\u015fmas\u0131n\u0131 ba\u015fl\u0131yor<\/p>\n","protected":false},"excerpt":{"rendered":"<p>Bu ak\u015fam saat 18:30&#8217;ta Cumhurba\u015fkan\u0131 Be\u015far el Esad&#8217;\u0131n Halk Meclisi \u00fcyeleri \u00f6n\u00fcndeki konu\u015fmas\u0131n\u0131 ba\u015fl\u0131yor<\/p>\n","protected":false},"author":1,"featured_media":0,"comment_status":"closed","ping_status":"closed","sticky":false,"template":"","format":"standard","meta":{"footnotes":""},"categories":[17991],"tags":[],"class_list":["post-215755","post","type-post","status-publish","format-standard","","category-son-dakika"],"_links":{"self":[{"href":"https:\/\/archive.sana.sy\/tr\/index.php?rest_route=\/wp\/v2\/posts\/215755","targetHints":{"allow":["GET"]}}],"collection":[{"href":"https:\/\/archive.sana.sy\/tr\/index.php?rest_route=\/wp\/v2\/posts"}],"about":[{"href":"https:\/\/archive.sana.sy\/tr\/index.php?rest_route=\/wp\/v2\/types\/post"}],"author":[{"embeddable":true,"href":"https:\/\/archive.sana.sy\/tr\/index.php?rest_route=\/wp\/v2\/users\/1"}],"replies":[{"embeddable":true,"href":"https:\/\/archive.sana.sy\/tr\/index.php?rest_route=%2Fwp%2Fv2%2Fcomments&post=215755"}],"version-history":[{"count":0,"href":"https:\/\/archive.sana.sy\/tr\/index.php?rest_route=\/wp\/v2\/posts\/215755\/revisions"}],"wp:attachment":[{"href":"https:\/\/archive.sana.sy\/tr\/index.php?rest_route=%2Fwp%2Fv2%2Fmedia&parent=215755"}],"wp:term":[{"taxonomy":"category","embeddable":true,"href":"https:\/\/archive.sana.sy\/tr\/index.php?rest_route=%2Fwp%2Fv2%2Fcategories&post=215755"},{"taxonomy":"post_tag","embeddable":true,"href":"https:\/\/archive.sana.sy\/tr\/index.php?rest_route=%2Fwp%2Fv2%2Ftags&post=215755"}],"curies":[{"name":"wp","href":"https:\/\/api.w.org\/{rel}","templated":true}]}}