{"id":215762,"date":"2020-08-12T18:35:39","date_gmt":"2020-08-12T15:35:39","guid":{"rendered":"http:\/\/www.sana.sy\/tr\/?p=215762"},"modified":"2020-08-12T18:36:06","modified_gmt":"2020-08-12T15:36:06","slug":"cumhurbaskani-besar-el-esadin-ucuncu-yasama-doneminde-halk-meclisi-uyeleri-onundeki-konusmasini-basladi","status":"publish","type":"post","link":"https:\/\/archive.sana.sy\/tr\/?p=215762","title":{"rendered":"Cumhurba\u015fkan\u0131 Be\u015far el Esad\u2019\u0131n \u00fc\u00e7\u00fcnc\u00fc yasama d\u00f6neminde Halk Meclisi \u00fcyeleri \u00f6nundeki konu\u015fmas\u0131 ba\u015flad\u0131"},"content":{"rendered":"<p>Cumhurba\u015fkan\u0131 Be\u015far el Esad\u2019\u0131n \u00fc\u00e7\u00fcnc\u00fc yasama d\u00f6neminde Halk Meclisi \u00fcyeleri \u00f6nundeki konu\u015fmas\u0131 ba\u015flad\u0131<\/p>\n","protected":false},"excerpt":{"rendered":"<p>Cumhurba\u015fkan\u0131 Be\u015far el Esad\u2019\u0131n \u00fc\u00e7\u00fcnc\u00fc yasama d\u00f6neminde Halk Meclisi \u00fcyeleri \u00f6nundeki konu\u015fmas\u0131 ba\u015flad\u0131<\/p>\n","protected":false},"author":1,"featured_media":0,"comment_status":"closed","ping_status":"closed","sticky":false,"template":"","format":"standard","meta":{"footnotes":""},"categories":[17991],"tags":[],"class_list":["post-215762","post","type-post","status-publish","format-standard","","category-son-dakika"],"_links":{"self":[{"href":"https:\/\/archive.sana.sy\/tr\/index.php?rest_route=\/wp\/v2\/posts\/215762","targetHints":{"allow":["GET"]}}],"collection":[{"href":"https:\/\/archive.sana.sy\/tr\/index.php?rest_route=\/wp\/v2\/posts"}],"about":[{"href":"https:\/\/archive.sana.sy\/tr\/index.php?rest_route=\/wp\/v2\/types\/post"}],"author":[{"embeddable":true,"href":"https:\/\/archive.sana.sy\/tr\/index.php?rest_route=\/wp\/v2\/users\/1"}],"replies":[{"embeddable":true,"href":"https:\/\/archive.sana.sy\/tr\/index.php?rest_route=%2Fwp%2Fv2%2Fcomments&post=215762"}],"version-history":[{"count":0,"href":"https:\/\/archive.sana.sy\/tr\/index.php?rest_route=\/wp\/v2\/posts\/215762\/revisions"}],"wp:attachment":[{"href":"https:\/\/archive.sana.sy\/tr\/index.php?rest_route=%2Fwp%2Fv2%2Fmedia&parent=215762"}],"wp:term":[{"taxonomy":"category","embeddable":true,"href":"https:\/\/archive.sana.sy\/tr\/index.php?rest_route=%2Fwp%2Fv2%2Fcategories&post=215762"},{"taxonomy":"post_tag","embeddable":true,"href":"https:\/\/archive.sana.sy\/tr\/index.php?rest_route=%2Fwp%2Fv2%2Ftags&post=215762"}],"curies":[{"name":"wp","href":"https:\/\/api.w.org\/{rel}","templated":true}]}}