{"id":215801,"date":"2020-08-13T03:33:53","date_gmt":"2020-08-13T00:33:53","guid":{"rendered":"http:\/\/www.sana.sy\/tr\/?p=215801"},"modified":"2020-08-18T16:06:40","modified_gmt":"2020-08-18T13:06:40","slug":"esad-yerli-veya-ithal-edilmis-terorist-siyonist-turk-veya-amerikan-askeri-arasinda-fark-yoktur-hepsi-topraklarimiz-uzerindeki-dusmandir","status":"publish","type":"post","link":"https:\/\/archive.sana.sy\/tr\/?p=215801","title":{"rendered":"Esad: Yerli veya \u0130thal Edilmi\u015f Ter\u00f6rist, Siyonist, T\u00fcrk veya Amerikan Askeri Aras\u0131nda Fark Yoktur, Hepsi Topraklar\u0131m\u0131z \u00dczerindeki D\u00fc\u015fmand\u0131r"},"content":{"rendered":"<p style=\"text-align: justify;\">\u015eAM \u2013 Cumhurba\u015fkan\u0131 Be\u015far el Esad \u00fc\u00e7\u00fcnc\u00fc yasama d\u00f6neminde se\u00e7ilen Halk Meclisi \u00fcyeleri \u00f6n\u00fcnde yapt\u0131\u011f\u0131 konu\u015fmas\u0131nda, sava\u015f\u0131n g\u00f6revlerimizi yerine getirmek ve halklar\u0131n g\u00fcc\u00fc ko\u015fullara uyum sa\u011flamak ve onlar\u0131 kendi avantajlar\u0131na g\u00f6re uyarmak oldu\u011funu belirtti.<\/p>\n<p style=\"text-align: justify;\">Cumhurba\u015fkan\u0131 Esad, yasalardaki kusurun kurumlara ve vatanda\u015f\u0131n onlara olan g\u00fcvenine zarar verdi\u011fini ve istikrar\u0131 bozdu\u011funu .. Yasalardaki herhangi bir kusurun, ne kadar ciddi olursa olsun, herhangi bir g\u00f6revlinin i\u015finde aksamaya yol a\u00e7aca\u011f\u0131n\u0131 s\u00f6yledi.<\/p>\n<p style=\"text-align: justify;\">Ba\u015fkan Esad, Amerika Birle\u015fik Devletleri&#8217;nin ba\u015fta &#8220;I\u015e\u0130D&#8221; olmak \u00fczere b\u00f6lgede ter\u00f6ristlere ihtiyac\u0131 oldu\u011funu ve &#8220;Sezar Yasas\u0131&#8221; ndan ter\u00f6ristlere deste\u011fi ama\u00e7lad\u0131\u011f\u0131n\u0131&#8230; Ablukaya verilecek pratik cevab\u0131n da \u00fcretimi ve kendine g\u00fcveni art\u0131rmakta yatt\u0131\u011f\u0131n\u0131 belirtti.<\/p>\n<p style=\"text-align: justify;\">Esad, Golan&#8217;\u0131n stat\u00fcs\u00fcn\u00fc de\u011fi\u015ftirmeyen her \u015ferefli Suriyelinin kalbinde oldu\u011funu, Siyonist bir varl\u0131\u011f\u0131n h\u00fck\u00fcmetinin veya ahlaks\u0131z bir Amerikan rejiminin ilhak karar\u0131n\u0131 ve onu geri alma hakk\u0131m\u0131z\u0131n t\u00fcm topraklar\u0131m\u0131z\u0131 ter\u00f6rizmden kurtarma hakk\u0131m\u0131zdan ayr\u0131lamayaca\u011f\u0131n\u0131 vurgulad\u0131.<\/p>\n<p style=\"text-align: justify;\"><span style=\"color: #0000ff;\">Cumhurba\u015fkan\u0131 Be\u015f\u015far Esad&#8217;\u0131n Halk Meclis \u00dcyeleri \u00d6n\u00fcndeki Konu\u015fmas\u0131n\u0131n Tam Metni:<\/span><\/p>\n<p style=\"text-align: justify;\">Say\u0131n Halk Meclisi Ba\u015fkan\u0131, Konsey \u00fcyesi bayanlar ve baylar: On y\u0131ld\u0131r devam eden \u015fiddetli sava\u015f, bol kanlar ve t\u00fcm unsurlar\u0131n\u0131 bir ulusa, bir halka ve bir anayasaya ba\u011flayan bir\u00e7ok istasyon, vatan\u0131 devirmeye, egemenli\u011fi kald\u0131rmaya, insanlar\u0131 par\u00e7alama ve kurumlar\u0131 grev yapmaya y\u00f6nelik giri\u015fimler bir anayasa ile yerine getirilirken bir di\u011feri de engelliyor. Varolu\u015f, u\u011fruna ve onu <img loading=\"lazy\" decoding=\"async\" class=\"size-medium wp-image-215806 alignright\" src=\"http:\/\/www.sana.sy\/tr\/wp-content\/uploads\/2020\/08\/333-4-300x200.jpg\" alt=\"\" width=\"300\" height=\"200\" srcset=\"https:\/\/archive.sana.sy\/tr\/wp-content\/uploads\/2020\/08\/333-4-300x200.jpg 300w, https:\/\/archive.sana.sy\/tr\/wp-content\/uploads\/2020\/08\/333-4-1024x682.jpg 1024w, https:\/\/archive.sana.sy\/tr\/wp-content\/uploads\/2020\/08\/333-4-150x100.jpg 150w, https:\/\/archive.sana.sy\/tr\/wp-content\/uploads\/2020\/08\/333-4-768x512.jpg 768w, https:\/\/archive.sana.sy\/tr\/wp-content\/uploads\/2020\/08\/333-4-1536x1024.jpg 1536w, https:\/\/archive.sana.sy\/tr\/wp-content\/uploads\/2020\/08\/333-4.jpg 2000w\" sizes=\"auto, (max-width: 300px) 100vw, 300px\" \/>savunmak i\u00e7in kan arand\u0131, halk\u0131n zamanlama ve kat\u0131l\u0131m a\u00e7\u0131s\u0131ndan anayasal y\u00fck\u00fcml\u00fcl\u00fcklere uyma kararl\u0131l\u0131\u011f\u0131 da anayasan\u0131n ve sembolize etti\u011fi \u015feyin savunmas\u0131d\u0131r ve o saf kan ve saf ruhlar\u0131n yerine getirilmesidir ve \u015ferefli meclisinizin se\u00e7imi sava\u015f istasyonlar\u0131n\u0131n tarihsel bir a\u015famas\u0131n\u0131 olu\u015fturdu\u011fu ba\u011flamda gelir. Bu, bu ko\u015fullarda sorumlulu\u011funuzun, ayn\u0131 zamanda muazzam g\u00f6revleri yerine getirdi\u011finiz, insanlar\u0131n \u00e7\u0131karlar\u0131n\u0131 savundu\u011funuz ve \u00f6zlemlerini ger\u00e7ekle\u015ftirdi\u011finiz tarihsel bir sorumluluk oldu\u011fu anlam\u0131na gelir.<\/p>\n<p style=\"text-align: justify;\"><span style=\"color: #0000ff;\">Yak\u0131n Zamanda Kat\u0131ld\u0131\u011f\u0131n\u0131z Se\u00e7imler Farkl\u0131, \u00c7\u00fcnk\u00fc Corona Salg\u0131n\u0131 Ve Baz\u0131lar\u0131n\u0131n Kat\u0131lma Konusundaki \u0130steksizli\u011fi \u00dczerindeki Etkisine Ra\u011fmen, \u00c7ok Say\u0131da Liste Ve Ger\u00e7ek Bir Rekabet Vard\u0131<\/span><\/p>\n<p style=\"text-align: justify;\">Cumhurba\u015fkan\u0131 Esad: Hi\u00e7 \u015f\u00fcphe yok ki, son zamanlarda itiraz etti\u011finiz se\u00e7imler, \u00f6ncekilerinden \u00e7ok farkl\u0131yd\u0131. Kan\u0131t\u0131 da, se\u00e7imlere y\u00f6nelik, esnas\u0131nda ve sonras\u0131nda ortaya \u00e7\u0131kan sesleri, korona salg\u0131n\u0131 ve baz\u0131lar\u0131n\u0131n se\u00e7imlere kat\u0131lma konusundaki isteksizli\u011fi ve kampanya s\u0131ras\u0131nda adaylar\u0131n se\u00e7im faaliyetlerine k\u0131s\u0131tlama \u00fczerindeki etkisine ra\u011fmen, bug\u00fcne kadar da duyuyoruz. Yine de, \u00e7ok say\u0131da liste vard\u0131, daha \u00f6nce tan\u0131k olmad\u0131\u011f\u0131m\u0131z ger\u00e7ek bir rekabet vard\u0131, bu rekabet ulusal bir harekettir, herhangi bir ulusal hareket, ulusal taahh\u00fcd\u00fc ifade etti\u011fi i\u00e7in olumludur, ancak bu hareketin olumlu bir hareket oldu\u011funu s\u00f6yledi\u011fimizde, bu onun olumsuzluklardan yoksun oldu\u011fu anlam\u0131na gelmez, bu olumsuzluklar \u00e7ok olabilir, zararl\u0131 da olabilir. standartlar, m\u00fcdahaleler, siyasi para ve birlikte duydu\u011fumuz di\u011fer bir\u00e7ok \u015fey hakk\u0131nda, \u00e7ok konu\u015fmalar ve ele\u015ftiriler duyduk, bunlar\u0131n bir k\u0131sm\u0131 ger\u00e7ek \u015feyler olabilir, hatta bunlar\u0131n bir par\u00e7as\u0131 da olabilir. Negatifler varsa ve g\u00fcr\u00fclt\u00fc varsa, bu hareketlilikteki pozitiflik nerededir? En \u00f6nemli olumlu yan\u0131, bu t\u00fcr bir deneyim, sorunlar\u0131m\u0131z\u0131 ve olumsuzluklar\u0131m\u0131z\u0131 ger\u00e7ekte, ger\u00e7ek ve d\u00fcr\u00fcst bir \u015fekilde g\u00f6rmemizi sa\u011flamas\u0131d\u0131r.<\/p>\n<p style=\"text-align: justify;\">Esad: Bu b\u00f6lgenin, belki de Arap ve Ortado\u011fu&#8217;nun \u00f6zellikleri aras\u0131nda, \u00e7o\u011fu zaman bir inkar, sorunlar\u0131n inkar ve sorunlar\u0131n ihmal edilmesi halinde ya\u015famas\u0131, dolay\u0131s\u0131yla hasta bir \u015fekilde tedavi edilmeden b\u0131rak\u0131r, \u015fu anda herkesin bahsetti\u011fi sosyal hastal\u0131klar\u0131 net bir \u015fekilde g\u00f6rd\u00fck. Belki kanunlarda ve belki daha \u00e7ok se\u00e7imle ilgili prosed\u00fcrlerde kusurlar\u0131 a\u00e7\u0131k\u00e7a g\u00f6rd\u00fck. Yani dersin olumlu taraf\u0131, dersi diyalog yoluyla \u00e7\u0131kar\u0131rsak, diyalo\u011fu se\u00e7imlerden sonra ba\u015flatmal\u0131y\u0131z, sokakta ortaya \u00e7\u0131kanlarla ilgili diyalo\u011fun sonunda durmas\u0131 de\u011fil. Farkl\u0131 idari prosed\u00fcrler vard\u0131r, bu kontroller yanl\u0131\u015f davran\u0131\u015f\u0131 s\u0131n\u0131rlayan \u015feylerdir, ancak yanl\u0131\u015f davran\u0131\u015f fikri bir \u00f6z de\u011ferlendirme olsa da, Bir insan\u0131n yanl\u0131\u015f g\u00f6rd\u00fc\u011f\u00fcn\u00fc, ba\u015fkas\u0131 do\u011fru d\u00fc\u015f\u00fcnebilir, ancak diyalog yoluyla fikir birli\u011fi ifade eden ve yasal kontrollere d\u00f6n\u00fc\u015fen \u015feyler \u00fczerinde anla\u015f\u0131yoruz. Bu kontroller sosyal hastal\u0131klar\u0131 \u00f6nl\u00fcyor ve f\u0131rsat e\u015fitli\u011fini korurken se\u00e7im rekabeti sa\u011fl\u0131yor. Dolay\u0131s\u0131yla bug\u00fcn rekabet a\u00e7\u0131s\u0131ndan ya\u015fananlar\u0131n ileri bir ad\u0131m oldu\u011funu ve bu do\u011fru oldu\u011funu s\u00f6yleyenler var, ya\u015fanan olumsuzluklar\u0131n bir ad\u0131m geri oldu\u011funu s\u00f6yleyenler de var bu da do\u011fru. Ger\u00e7ek \u015fu ki, kim ileri ya da geri ad\u0131m atarsa, bu dersten yararlanmak ve kanunlara eri\u015fim sa\u011flamakt\u0131r. Dokundu\u011fumuz, duydu\u011fumuz ve g\u00f6rd\u00fc\u011f\u00fcm\u00fcz ele\u015ftiriler ve \u00f6fkeler olumlu bir \u015feydir ama bunu \u00e7\u00f6z\u00fcme \u00e7evirdi\u011fimizde bu ulusal deneyimi geli\u015ftirir.<\/p>\n<p style=\"text-align: justify;\"><span style=\"color: #0000ff;\">Ba\u015far\u0131l\u0131 Planlar Stratejik Vizyonlara Dayan\u0131r Ve Konseyinizin Diyalogda \u00c7ok \u00d6nemli Bir Rol\u00fc Vard\u0131r Ve Vatanda\u015f \u0130le Y\u00fcr\u00fctme Otoritesi Aras\u0131nda \u00d6nemli Bir K\u00f6pr\u00fc Vard\u0131r<\/span><\/p>\n<p style=\"text-align: justify;\">Cumhurba\u015fkan\u0131 Esad \u015f\u00f6yle devam etti: Bayanlar ve baylar, e\u011fer sava\u015f g\u00fcndemimize kendini dayat\u0131yorsa, bu bizim g\u00f6revlerimizi yerine getirmemizi engelledi\u011fi anlam\u0131na gelmiyor ve e\u011fer y\u0131k\u0131m ve ter\u00f6rizm genel olarak geri d\u00f6n\u00fc\u015f\u00fc dayat\u0131yorsa, bu, baz\u0131 sekt\u00f6rlerde bizden daha iyi bir konumda ilerlememizi engellemez. Sava\u015ftan \u00f6nceydi ve bu retorik de\u011fildir. Bu ger\u00e7ek\u00e7i ve \u00e7ok m\u00fcmk\u00fcnd\u00fcr. Sava\u015flar\u0131n t\u00fcm enerjilerin kendi lehlerine t\u00fcketilmesini gerektirdi\u011fi do\u011frudur, ancak halklar\u0131n g\u00fcc\u00fc onlara teslim olmak yerine ko\u015fullara adapte olmak ve onlar\u0131 kendi avantajlar\u0131na uyarlamakt\u0131r. Sava\u015f, askeri, ekonomik ve ahlaki olarak de\u011fil, ayn\u0131 zamanda planlama, \u00f6rg\u00fctsel ve idari olarak s\u00fcrd\u00fcrmekle de s\u0131n\u0131rl\u0131 de\u011fildir. Ba\u015far\u0131l\u0131 planlar da, kurumlar\u0131n i\u00e7inde ve d\u0131\u015f\u0131nda yap\u0131c\u0131 diyalog olmadan ula\u015f\u0131lamayacak bar\u0131\u015f\u00e7\u0131l stratejik vizyonlara dayan\u0131r ve meclisinizin bu diyalogda \u00e7ok \u00f6nemli bir rol\u00fc vard\u0131r.<\/p>\n<p style=\"text-align: justify;\">Cumhurba\u015fkan\u0131 Esad: Halk Meclisi, vatanda\u015f ile y\u00fcr\u00fctme otoritesi aras\u0131ndaki en \u00f6nemli k\u00f6pr\u00fcd\u00fcr.Bunlar aksiyomlard\u0131r ve bu nedenle meclisin ba\u015far\u0131s\u0131 ve meclis \u00fcyelerinin ba\u015far\u0131s\u0131 iki taraf aras\u0131ndaki yak\u0131n ili\u015fkiye ba\u011fl\u0131d\u0131r.Yurtta\u015fla olan ili\u015fki, \u00f6ncelikle vatanda\u015f\u0131n d\u00fc\u015f\u00fcnd\u00fc\u011f\u00fc sorunlar\u0131, ac\u0131lar\u0131, zorluklar\u0131, endi\u015feleri ve h\u0131rslar\u0131 anlamay\u0131 ama\u00e7lamaktad\u0131r. Ayn\u0131 zamanda bu vatanda\u015fa, ister yasama organ\u0131nda ister y\u00fcr\u00fctme otoritesinde olsun, politikalar\u0131n neler oldu\u011funu, kanunlar\u0131n neler oldu\u011funu ve yapt\u0131\u011f\u0131m\u0131z i\u015fin gerek\u00e7elerinin neler oldu\u011funu a\u00e7\u0131kl\u0131yoruz. Y\u00fcr\u00fctme otoritesi taraf\u0131ndan ortaya konmu\u015ftur ve bu anlay\u0131\u015f diyalogla ba\u011flant\u0131l\u0131d\u0131r. Yani, herhangi bir memur gelip kar\u015f\u0131m\u0131za harika bir plan, ideal bir plan sunabilir. Birka\u00e7 ay sonra veya birka\u00e7 y\u0131l sonra uygulamaya gidiyor ve sonu\u00e7lar\u0131n m\u00fctevazi veya sonu\u00e7lar\u0131n s\u0131f\u0131ra yak\u0131n olabilece\u011fini g\u00f6r\u00fcyoruz.\u00a0 Neden bu durumlar\u0131 ba\u015ftan g\u00f6remiyoruz. \u00c7\u00fcnk\u00fc sorulan bir\u00e7ok soru var. Soramad\u0131k belki de temelde diyalo\u011fu hi\u00e7 yapmad\u0131k. Bu planlar i\u00e7in mevcut ara\u00e7lar var m\u0131, bu planlar i\u00e7in zaman ger\u00e7ek\u00e7i mi, bu planlar\u0131n uygulanmas\u0131n\u0131 etkileyen ba\u015fka bakanl\u0131klar veya kurumlar var m\u0131 ve bu nedenle bir kurum ilgili t\u00fcm kurumlar\u0131n temerr\u00fcd\u00fcne yol a\u00e7mad\u0131\u011f\u0131nda, bug\u00fcn oldu\u011fu gibi bu planlar\u0131 etkileyen d\u0131\u015f ko\u015fullar var m\u0131? T\u00fcm bunlar ve di\u011fer bir\u00e7ok soru, bu plan\u0131n ba\u015far\u0131s\u0131n\u0131 veya ba\u015far\u0131s\u0131zl\u0131\u011f\u0131n\u0131 tahmin etmemize yard\u0131mc\u0131 olan \u015feydir ve en \u00f6nemlisi, objektif olarak takip etmemize yard\u0131mc\u0131 olur ve daha sonra bir hata olu\u015ftu\u011funda, ba\u015far\u0131s\u0131zl\u0131\u011f\u0131n nedenini ve i\u015fini yerine getirmeyen taraf\u0131n, ki\u015finin veya yetkilinin kim oldu\u011funu do\u011fru bir \u015fekilde belirleyebiliriz.<\/p>\n<p style=\"text-align: justify;\"><span style=\"color: #0000ff;\">Hatal\u0131 Yasalar Kurumlara Zarar Verir, Vatanda\u015flar\u0131n Onlara Olan G\u00fcvenini Zay\u0131flat\u0131r, Morali Zay\u0131flat\u0131r Ve \u0130stikrar\u0131 Bozar<\/span><\/p>\n<p style=\"text-align: justify;\">Cumhurba\u015fkan\u0131 El Esad: Pratikte bu \u015fekilde sonu\u00e7lar\u0131 beklemekten beklenen sonu\u00e7lara ge\u00e7iyoruz ve b\u00f6ylece zaman\u0131 k\u0131salt\u0131yoruz, vatan ve vatanda\u015f i\u00e7in zaman\u0131 k\u0131salt\u0131yoruz ve konsey sadece bir bek\u00e7i ve muhasebeci olmaktan \u00e7\u0131k\u0131p kalk\u0131nma s\u00fcrecinde bir orta\u011fa d\u00f6n\u00fc\u015f\u00fcyor.<\/p>\n<p style=\"text-align: justify;\">Cumhurba\u015fkan\u0131 El Esad \u015funlar\u0131 ekledi: Organizasyonel ve idari y\u00f6n\u00fcyle ilgili olarak, sa\u011flam yasalara dayanmaktad\u0131r. Yasalar da, devlet kurumlar\u0131 aras\u0131ndaki ve kurumlar ile vatanda\u015flar aras\u0131ndaki ili\u015fkiyi d\u00fczenleyen, e\u015fit f\u0131rsatlar ve adalet yaratan ve b\u00f6ylece anavatana aitli\u011fi art\u0131ran, yani yasalara bir kusur olan sa\u011flam yasalara dayal\u0131 olarak meclisimizin \u00e7al\u0131\u015fmas\u0131n\u0131n merkezinde yer almaktad\u0131r. Maalesef kusur \u00e7ok b\u00fcy\u00fckt\u00fcr ve bu g\u00f6revlinin samimi ve onurlu oldu\u011funu, yolsuzluk kast\u0131 olmad\u0131\u011f\u0131n\u0131 varsayarsak, ne kadar ciddi ve samimi olursa olsun herhangi bir memurun i\u015finde bir kusura yol a\u00e7acakt\u0131r. Her yetkili karar\u0131 kendi y\u00f6ntemiyle al\u0131r ve bu nedenle bir vaka birden fazla kararla, \u00e7ok say\u0131da kararla sonu\u00e7lanabilir ve bu en iyi ihtimalle kaos yarat\u0131r, ancak yolsuzluk niyetleri varsa, sonu\u00e7 yolsuzlu\u011fun yay\u0131lmas\u0131 olacakt\u0131r.<\/p>\n<p style=\"text-align: justify;\">Cumhurba\u015fkan\u0131 Esad \u015f\u00f6yle devam etti: Yasalardaki bu kusur kurumlara zarar veriyor, vatanda\u015flar\u0131n onlara olan g\u00fcvenini sars\u0131yor, moralleri zay\u0131flat\u0131yor ve istikrar\u0131 bozuyor. \u00d6zellikle askeri a\u00e7\u0131dan bu al\u0131\u015f\u0131lmad\u0131k sava\u015f, d\u00fcnyan\u0131n di\u011fer b\u00f6lgelerinden y\u00fczbinlerce ter\u00f6risti getirerek, moral k\u0131rmak ve kendini yenilgiye u\u011fratmak ve daha sonra serbest teslim olmak amac\u0131yla psikolojik boyuta da g\u00fcveniyordu.<\/p>\n<p style=\"text-align: justify;\">Cumhurba\u015fkan\u0131 Esad \u015funlar\u0131 s\u00f6yledi: Hi\u00e7 \u015f\u00fcphesiz halk\u0131m\u0131z, sava\u015f y\u0131llar\u0131nda, birden fazla mevkide nakavtla indirilebilen g\u00fc\u00e7l\u00fc medya makineleri kar\u015f\u0131s\u0131nda ola\u011fan\u00fcst\u00fc bir fark\u0131ndal\u0131k g\u00f6sterdi. Ancak bu makineler, giri\u015fimlerini tekrarlamaktan \u00fcmitsizli\u011fe kap\u0131lmayacak, bir tur veya turlar kazanmak, bizi sava\u015f\u0131 kazanm\u0131\u015f gibi hissettirmemelidir. Sonu\u00e7 olarak, d\u00fc\u015fmanlar f\u0131rsat bulduklar\u0131nda d\u00fc\u015fmanlar taraf\u0131ndan tatmin olur ve s\u00fcrpriz tuza\u011f\u0131na d\u00fc\u015ferlerdi. Bu nedenle, vatanda\u015flar\u0131m\u0131z\u0131n b\u00fcy\u00fck fark\u0131ndal\u0131\u011f\u0131na ra\u011fmen, toplumumuzdaki baz\u0131 ki\u015filerde s\u0131k s\u0131k bulan\u0131k g\u00f6rme, umutsuzluk ve yenilgi vakalar\u0131 g\u00f6r\u00fcyorduk. Elbette bunlar \u00e7o\u011funlu\u011fu olu\u015fturmuyorlar, ancak d\u00fc\u015fmanlar\u0131m\u0131zla y\u00fczle\u015fmemizde her pozitif enerjiye ihtiya\u00e7 duydu\u011fumuz bir zamanda g\u00fcn\u00fcn her saati olumsuz ruh hallerini ba\u015fkalar\u0131na yayarak etkili oluyorlar. Umutsuzluk yerine umuda ihtiyac\u0131m\u0131z var, zay\u0131fl\u0131k yerine g\u00fcce ihtiyac\u0131m\u0131z var ve baz\u0131lar\u0131 iyimserlik, tahamm\u00fcl, sebat veya ayakta kalmak isteyen bir c\u00fcmlenin kusurlu ve su\u00e7lu hale geldi\u011fi noktaya kadar karamsarl\u0131klar\u0131n\u0131 ve karanl\u0131\u011f\u0131n\u0131 zorla pazarl\u0131yorlar ve s\u00f6yleyeni de ger\u00e7eklikten tamamen ayr\u0131\u015fm\u0131\u015ft\u0131r.<\/p>\n<p style=\"text-align: justify;\">T\u00fcm O Fedakarl\u0131klardan Sonra Bug\u00fcn Yenilginin \u00d6nerilerini Kabul Edecek Asgari Vatanseverlik Seviyesine Sahip Bir Ki\u015fi Oldu\u011funu Sanm\u0131yorum<\/p>\n<p style=\"text-align: justify;\">Cumhurba\u015fkan\u0131 Esad: \u00c7ok merak ediyorum, bu insanlar sevdiklerini veya daha fazlas\u0131n\u0131 kaybetmi\u015f biri i\u00e7in taziyeye giderse, bu taziyede o ki\u015fiye ne derler? Sab\u0131rl\u0131 ol mu diyorlar? Ona, sab\u0131rl\u0131 ol, Allah sab\u0131rl\u0131 olanlarla beraberdir mi diyorlar? Yoksa ona, hi\u00e7 umut yok gittiler ve geri d\u00f6nmeyecekler \u00f6n\u00fcnde de intihar etmekten ba\u015fka bir yol yoktur diye mi s\u00f6yl\u00fcyorlar?<\/p>\n<p style=\"text-align: justify;\">Cumhurba\u015fkan\u0131 Esad: Hi\u00e7 kimse mevcut durumun Suriye&#8217;de, b\u00f6lgede ve bir b\u00fct\u00fcn olarak d\u00fcnyada can s\u0131k\u0131c\u0131 bir durum oldu\u011funu iddia etmiyor, ancak bu hayal k\u0131r\u0131kl\u0131\u011f\u0131n\u0131n i\u00e7inde ya\u015fad\u0131\u011f\u0131m\u0131z ve ona dokundu\u011fumuz nesnel ko\u015fullar\u0131n bir sonucu olup olmad\u0131\u011f\u0131 aras\u0131nda bir fark var. Dolay\u0131s\u0131yla, hayal k\u0131r\u0131kl\u0131\u011f\u0131 nisbidir, her zaman bir umut alan\u0131, \u015fartlar\u0131 de\u011fi\u015ftimek i\u00e7in bir umut alan\u0131 vard\u0131r ve bu hayal k\u0131r\u0131kl\u0131\u011f\u0131n\u0131n, hayal k\u0131r\u0131kl\u0131\u011f\u0131na u\u011fram\u0131\u015f olanlar\u0131n genelle\u015ftirilmesinin bir sonucu olmas\u0131 aras\u0131nda olmas\u0131d\u0131r.\u00a0 Dolay\u0131s\u0131yla ruhlara k\u00f6k sal\u0131yor ve bozguncu bir duruma d\u00f6n\u00fc\u015fiyor. T\u00fcm bu fedakarl\u0131klardan sonra bug\u00fcn yenilgi \u00f6nerilerini kabul eden asgari vatanseverlik seviyesine sahip bir ki\u015fi oldu\u011funu sanm\u0131yorum, yaral\u0131lar\u0131n bedenleri ve \u015fehitlerin kanlar\u0131 bedelsiz de\u011fildir, bedeli de ayakta kalmak ve sonras\u0131nda zafere ermektir.<img loading=\"lazy\" decoding=\"async\" class=\"size-medium wp-image-215807 alignright\" src=\"http:\/\/www.sana.sy\/tr\/wp-content\/uploads\/2020\/08\/2-1-300x194.jpg\" alt=\"\" width=\"300\" height=\"194\" srcset=\"https:\/\/archive.sana.sy\/tr\/wp-content\/uploads\/2020\/08\/2-1-300x194.jpg 300w, https:\/\/archive.sana.sy\/tr\/wp-content\/uploads\/2020\/08\/2-1-150x97.jpg 150w, https:\/\/archive.sana.sy\/tr\/wp-content\/uploads\/2020\/08\/2-1.jpg 660w\" sizes=\"auto, (max-width: 300px) 100vw, 300px\" \/><\/p>\n<p style=\"text-align: justify;\">Cumhurba\u015fkan\u0131 Esad, kimileri ma\u011flubiyetini ya\u015fama arzusuyla hakl\u0131 \u00e7\u0131kar\u0131rsa, herkes ya\u015famak ister,en ba\u015fta da sava\u015fanlar, \u015fehitler, yaral\u0131lar, \u00f6l\u00fcme \u00f6l\u00fcm\u00fc sevdiklerinden de\u011fil bilakis hayat\u0131, halk\u0131, vatan\u0131 sevdiklerinden gittiler, ya\u015fama arzusu insani bir i\u00e7g\u00fcd\u00fcd\u00fcr. Ama kim ya\u015famak isterse kendinden \u00f6l\u00fcm\u00fc uzakla\u015ft\u0131rmak zorundad\u0131r, \u00e7\u00fcnk\u00fc insan sadece ya\u015famak istedi\u011fi i\u00e7in de\u011fil, ya\u015fayabildi\u011fi i\u00e7in ya\u015famaktad\u0131r. Bu nedenle \u00e7a\u011flar boyunca salg\u0131nlar gelip milyonlar\u0131 yok etti ve en g\u00fc\u00e7l\u00fcs\u00fc kald\u0131. \u0130stilalar geldi medeniyetleri, krall\u0131klar\u0131, halklar\u0131 ve k\u00fclt\u00fcrleri yerle bir etti ortadan kald\u0131rd\u0131 geriye en g\u00fc\u00e7l\u00fc kald\u0131. Bunlar hayat\u0131n asla de\u011fi\u015fmeyen yasalar\u0131d\u0131r. Aylarca ve y\u0131llarca ailesinden ve sevdiklerinden uzakta \u00f6l\u00fcmle y\u00fcz y\u00fcze kalan kahraman bir askerin, k\u00fc\u00e7\u00fck cephane ve yiyeceklerle hapsoldu\u011funu hat\u0131rlamak yeterlidir.<\/p>\n<p style=\"text-align: justify;\">Halep hapishanesinin, El Saala havaalan\u0131n\u0131n, Vadi el Dayf&#8217;\u0131n ku\u015fatmas\u0131n\u0131 ve efsanevi kahramanlar\u0131n\u0131n kararl\u0131l\u0131\u011f\u0131n\u0131 unutacak m\u0131y\u0131z? Halep, Deyrezzor, Fua ve Kefraya halk\u0131n\u0131n az\u0131c\u0131k su bile olmad\u0131\u011f\u0131nda \u00e7o\u011fu zaman kararl\u0131l\u0131klar\u0131n\u0131 unutacak m\u0131y\u0131z? \u0130srail hapishanelerinde ilkelerinden vazge\u00e7ip sadakatlerini de\u011fi\u015ftirmek i\u00e7in her t\u00fcrl\u00fc bask\u0131 ve ayartmaya direnen ve kabul etmeyen tutsaklar\u0131m\u0131z\u0131 unutacak m\u0131y\u0131z? Kendisine hapishaneden sal\u0131verilmesini teklif eden, ilkeleri ve ulusal ba\u011flar\u0131na uygun ko\u015fullar\u0131 d\u0131\u015f\u0131nda reddeden kurtar\u0131lm\u0131\u015f kahraman S\u0131dk\u0131 el Makt&#8217;\u0131 unutacak m\u0131y\u0131z? Bu y\u00fcksek r\u00fctbeli ruhlar, millete hayat ve ge\u00e7im kayna\u011f\u0131 verenlerdir, intihara \u00e7a\u011f\u0131rarak hayat i\u00e7in s\u00fcren ezilmi\u015f ruhlar de\u011fil.<\/p>\n<p style=\"text-align: justify;\">Cumhurba\u015fkan\u0131 Esad: Kar\u015f\u0131la\u015fma, zorluklara diren\u00e7li bir ideolojiye, ki\u015fisel yeteneklere olan inanc\u0131na, sa\u011flam ve diren\u00e7li bir psikolojik yap\u0131ya dayanmaktad\u0131r. Sava\u015flar g\u00fczel bir yolculuk de\u011fildir, vatanlar\u0131 savunmak romantik bir hikaye de\u011fildir, bu aksiyomlar\u0131n fark\u0131na varmayan veya \u00e7a\u011flar boyunca onlar\u0131 g\u00f6rmezden gelen herkes vatan\u0131n\u0131 kaybedecektir. Bu konu\u015fma, tehlikelerin boyutunu k\u00fc\u00e7\u00fcltmeyi ama\u00e7lamaz, d\u00fc\u015fmanlar\u0131m\u0131z\u0131n g\u00fcc\u00fcn\u00fc k\u00fc\u00e7\u00fcmsemeyi de ama\u00e7lamaz. Ancak tehlike bizi dikkatli olmaya ve bundan ka\u00e7\u0131nmak i\u00e7in harekete ge\u00e7meye sevk ederken, pani\u011fe, felce ve ka\u00e7\u0131n\u0131lmaz ba\u015far\u0131s\u0131zl\u0131\u011fa yol a\u00e7ar.<\/p>\n<p style=\"text-align: justify;\">Bu ba\u011flamda son zamanlarda iki bak\u0131\u015f a\u00e7\u0131s\u0131 aras\u0131nda \u201cSezar Yasas\u0131\u201d n\u0131n tehlikeli ve y\u0131k\u0131c\u0131 olup olmad\u0131\u011f\u0131 ya da etkisiz bir propaganda davas\u0131 oldu\u011fu yani iki bak\u0131\u015f a\u00e7\u0131s\u0131, birincisinin korktu\u011fu ve ikincisinin ger\u00e7e\u011fi tam olarak g\u00f6rmedi\u011fi konusunda bir tart\u0131\u015fma olmu\u015ftur. Asl\u0131nda her iki g\u00f6r\u00fc\u015f de yanl\u0131\u015f \u00e7\u00fcnk\u00fc &#8220;Sezar Yasas\u0131&#8221; soyut bir soru sormak i\u00e7in ayr\u0131 ve soyut bir durum de\u011fil, ondan \u00f6ncekilerden ayr\u0131 bir durum de\u011fil. Y\u0131llar \u00f6ncesinden gelen ku\u015fatman\u0131n di\u011fer a\u015famalar\u0131n\u0131n bir par\u00e7as\u0131 ve Suriyeliler \u00fczerinde \u00e7ok zararl\u0131 etkileri oldu ve s\u00fcrekli t\u0131rman\u0131yordu, Suriye halk\u0131n\u0131 bo\u011fma t\u0131rmanma s\u00fcreci onunla ve onsuz devam ediyordu, tek fark bu a\u015faman\u0131n ona bir ad\u0131n\u0131n olmas\u0131, dolay\u0131s\u0131yla en b\u00fcy\u00fck ba\u015fl\u0131k olan ekonomik ter\u00f6rizmi unuttuk ve daha k\u00fc\u00e7\u00fck olan Sezar ile dikkatimizi da\u011f\u0131tt\u0131. Bunun bir par\u00e7as\u0131 oldu\u011funu unuttuk ve bunun bir devam\u0131 oldu\u011funu varsayd\u0131k.<\/p>\n<p style=\"text-align: justify;\"><span style=\"color: #0000ff;\">Amerika Birle\u015fik Devletlerinin B\u00f6lgede Ba\u015fta &#8220;I\u015e\u0130D&#8221; Olmak \u00dczere Ter\u00f6ristlere \u0130htiyac\u0131 Var Ve &#8220;Sezar Yasas\u0131&#8221;n\u0131n Ter\u00f6ristlere Desteklerini \u0130fade Etmesini \u0130stediler<\/span><\/p>\n<p style=\"text-align: justify;\">Cumhurba\u015fkan\u0131 Esad: Sonu\u00e7ta, bu yasa baz\u0131 ek zararlar i\u00e7eriyor ve \u00e7ok fazla psikolojik sava\u015f var, bu y\u00fczden zarar\u0131n\u0131 inkar etmemeliyiz, abartmamal\u0131 ve s\u0131n\u0131rland\u0131rmaya \u00e7al\u0131\u015fmal\u0131y\u0131z, \u00e7\u00fcnk\u00fc d\u00fc\u015fmanlar\u0131m\u0131z planlar\u0131n\u0131 bir ad\u0131m veya bir olay \u00fczerine de\u011fil, ad\u0131mlar ve olaylar birikimiyle in\u015fa etmeliyiz. \u00d6yleyse, her olay\u0131n amac\u0131n\u0131, bu genel ba\u011flamdaki ve planlar\u0131ndaki rol\u00fcn\u00fc anlamak ve kanunun arka plan\u0131n\u0131 anlamak i\u00e7in genel ba\u011flama bakmal\u0131y\u0131z, bir dizi basit ve a\u00e7\u0131k soru sormal\u0131y\u0131z: Bu yasa neden bu zamanda \u00e7\u0131kar\u0131ld\u0131? Onlar her zaman yasalar olmadan y\u00fckseliyorlar, bu yasaya ihtiya\u00e7lar\u0131 nedir?<\/p>\n<p style=\"text-align: justify;\">Cumhurba\u015fkan\u0131 Esad: \u00d6ncelikle, sava\u015f\u0131n genel ba\u011flam\u0131nda, ter\u00f6ristler g\u00f6revlerinde ba\u015far\u0131s\u0131z olduklar\u0131nda t\u0131rmand\u0131rmalar oluyordu, bir yandan g\u00fcvenlik Konseyi&#8217;ne gidiyorlar, bir yandan kimyasal meselesini t\u0131rmand\u0131rd\u0131r\u0131yorlar, di\u011fer bir ayndan da kuvvetlerimizi bombal\u0131yorlar vb. g\u00fc\u00e7lerimizin elde etti\u011fi zaferlerin sonu\u00e7lar\u0131n\u0131 zay\u0131flatmak, Suriye halk\u0131 i\u00e7in anlams\u0131z k\u0131lmak ve soldurmak, di\u011fer taraftan da ter\u00f6ristleri motive etmek amac\u0131yla ekonomik sald\u0131rganl\u0131klara ba\u015fvuruyorlard\u0131. Ge\u00e7ti\u011fimiz y\u0131llarda ter\u00f6ristler efendilerine olan g\u00fcvenlerini yitirdiler, silahlar\u0131n\u0131 teslim etmeye ba\u015flad\u0131lar, pozisyonlar\u0131n\u0131 de\u011fi\u015ftirmeye ba\u015flad\u0131lar ve son y\u0131llarda s\u00f6z verdikleri gibi bir \u015feyi ba\u015faracaklar\u0131na dair umutlar\u0131n\u0131 yitirdiler. ABD&#8217;nin bu ter\u00f6ristlere sadece Suriye&#8217;de de\u011fil, Suriye&#8217;de, Irak&#8217;ta, Libya&#8217;da, Yemen&#8217;de ve ba\u015fka yerlerde ihtiyac\u0131 vard\u0131. Amerikal\u0131lar\u0131n &#8220;I\u015e\u0130D&#8221; ve &#8220;El-Nusra Cephesi&#8221; ne kar\u015f\u0131 yayd\u0131\u011f\u0131 yalanlardan ba\u011f\u0131ms\u0131z olarak, \u00f6nde gelen &#8220;I\u015e\u0130D&#8221; olan baz\u0131 ter\u00f6ristlerden bahsetmiyorum. Amerika&#8217;n\u0131n kalbine en yak\u0131n olanlar, &#8220;I\u015e\u0130D&#8221;, &#8220;El-Nusra&#8221;, &#8220;Cabhat Al-Sham&#8221; ve &#8220;Ahrar Al-Sham&#8221; ve bu farkl\u0131 isimler. Bu yasan\u0131n ter\u00f6ristlere olan ba\u011fl\u0131l\u0131klar\u0131n\u0131 ifade etmesini ve onlara yolun sonuna kadar yan\u0131n\u0131zda olduklar\u0131n\u0131s\u00f6ylemesini istiyorlar, \u00f6yleyse zamanlama Amerikan\u0131n ne yapt\u0131\u011f\u0131n\u0131n genel ba\u011flam\u0131 i\u00e7erisindedir.<\/p>\n<p style=\"text-align: justify;\">Cumhurba\u015fkan\u0131 Esad: \u0130kinci soruya gelince, \u201cSezar Yasas\u0131\u201d neden do\u011fu b\u00f6lgesinde mahsullerin yak\u0131lmas\u0131 ve Suriye vatanda\u015flar\u0131na ula\u015fmas\u0131n\u0131n engellenmesiyle ba\u011flant\u0131l\u0131 oldu, \u00e7\u00fcnk\u00fc yasan\u0131n tek ba\u015f\u0131na istedikleri durumu yaratamayaca\u011f\u0131n\u0131, yani bunun bir medya devleti oldu\u011funu ya da medya sonu\u00e7lar\u0131n\u0131n daha b\u00fcy\u00fck oldu\u011funu \u00e7ok iyi biliyorlar. Bu kanunun deh\u015fetini hissetmek i\u00e7in ona paralel ba\u015fka tedbirler de olmal\u0131, \u00a0bu nedenle di\u011fer temel malzemelerin yan\u0131 s\u0131ra bu\u011fday konusuna da bask\u0131 yaparak vatanda\u015f\u0131n g\u0131das\u0131na bask\u0131 yap\u0131lmas\u0131 gerekiyordu.<\/p>\n<p style=\"text-align: justify;\">Ba\u015fkan Esad: \u00dc\u00e7\u00fcnc\u00fc soru ise, Badiye ve \u00e7evresindeki son \u0130srail sald\u0131r\u0131lar\u0131n\u0131n neden yasan\u0131n \u00e7\u0131kar\u0131lmas\u0131yla ayn\u0131 zamana denk geldi\u011fidir, \u00e7\u00fcnk\u00fc &#8220;I\u015e\u0130D&#8221; h\u00fccreleri Badiye ve \u00e7evresinde yer ald\u0131\u011f\u0131ndan, &#8220;I\u015e\u0130D&#8221; h\u00fccreleri uyuyan h\u00fccreler de\u011filler, aktif h\u00fccrelerdir ve bu &#8220;Sezar Yasas\u0131&#8221; n\u0131n bir ba\u015fka y\u00f6n\u00fc, o halde, sadece ekonomik yapt\u0131r\u0131mlar\u0131 dayatmak i\u00e7in bir yasa de\u011fil, daha ziyade, bi\u00e7im ve i\u00e7erik olarak baz\u0131 eklemelerle kendinden \u00f6nceki, her \u015feyden \u00f6z\u00fcnde farkl\u0131 olmayan yeni bir t\u0131rmanma a\u015famas\u0131n\u0131n ba\u015fl\u0131\u011f\u0131d\u0131r, asl\u0131nda di\u011fer t\u00fcm a\u015famalar ayn\u0131 metodolojiye ba\u011fl\u0131 oldu\u011funda bir t\u0131rmanma, bir ter\u00f6r hareketi, ekonomik bir abluka, siyasi bask\u0131 ve bol miktarda yalan var.<\/p>\n<p style=\"text-align: justify;\"><span style=\"color: #0000ff;\">Ablukaya Pratik Yan\u0131t, T\u00fcm Sekt\u00f6rlerde \u00dcretimi Art\u0131rmakla Olur<\/span><\/p>\n<p style=\"text-align: justify;\">Ba\u015fkan Esad: \u0130\u015fin garibi, Amerikal\u0131lar\u0131n yapt\u0131r\u0131mlar\u0131na ekinleri yakmaya ve vatanda\u015flara ula\u015fmalar\u0131n\u0131 engelleyen ak\u0131ll\u0131ca yapt\u0131r\u0131mlar ad\u0131 veriliyor. Demek istedi\u011fim, tarih boyunca ila\u00e7, yak\u0131t vb. engellemenin yan\u0131 s\u0131ra, korsanlar, haydutlar ve h\u0131rs\u0131zlar da ayn\u0131 \u015fekilde ak\u0131ll\u0131 cezalar uygulad\u0131lar \u00e7\u00fcnk\u00fc eskiden ba\u015fkalar\u0131n\u0131n ge\u00e7imini ele ge\u00e7iriyor ve eri\u015fimlerini engelliyorlard\u0131.<\/p>\n<p style=\"text-align: justify;\">Burada bir soru soruyoruz .. E\u011fer ge\u00e7im kaynaklar\u0131n\u0131 kesmek ve Suriye halk\u0131n\u0131 bo\u011fmak ak\u0131ll\u0131ca cezalarsa, o zaman Amerika&#8217;da George Floyd&#8217;un Amerikan polisi taraf\u0131ndan bo\u011fulmas\u0131na ne diyoruz? Suriye halk\u0131n\u0131 \u0131rk\u00e7\u0131 nedenlerle bo\u011fma giri\u015fimleri ile George Floyd aras\u0131ndaki benzerlik nedir, istihbarat m\u0131 yoksa vah\u015fet mi? Bence cevab\u0131n herkes i\u00e7in a\u00e7\u0131k oldu\u011funu d\u00fc\u015f\u00fcn\u00fcyorum, bu y\u00fczden planlar\u0131yla y\u00fczle\u015fmenin ilk y\u00f6n\u00fc, sorunlar\u0131 tezah\u00fcrlerinde de\u011fil, derinliklerinde anlamak ve ger\u00e7ekleri aramak, sonra onlar\u0131 birbirine ba\u011flamak ve ard\u0131ndan at\u0131lacak ad\u0131mlar\u0131 belirlemektir.<\/p>\n<p style=\"text-align: justify;\">Ba\u015fkan Esad: Ablukaya verilecek pratik cevap, t\u00fcm sekt\u00f6rlerde \u00fcretimi art\u0131rmakt\u0131r ve bu \u00f6ncelikle \u00e7o\u011fumuzun bildi\u011fi problemler, olumsuzluklar ve zorluklarla u\u011fra\u015fmaktan kaynaklan\u0131yor. Bunlar\u0131n \u00e7\u00f6z\u00fcm\u00fc ve bunlardan kurtulmak, sava\u015f ve abluka zorluklar\u0131ndan ba\u011f\u0131ms\u0131z ulusal bir talep, ancak bug\u00fcn mevcut ko\u015fullar\u0131m\u0131zda daha acil hale geldi. Geli\u015ftirme s\u00fcreci de daha gerekli bir hal ald\u0131. Bu zorluklar\u0131n yan\u0131 s\u0131ra, ulusal para birimimizin sat\u0131n alma g\u00fcc\u00fcyle do\u011frudan ili\u015fkili ya\u015fam durumu. Ben finans uzman\u0131 de\u011filim ama ba\u015flamam\u0131z gereken bilinen aksiyomlar ve ger\u00e7ekler var. Liray\u0131 etkileyen fakt\u00f6rler biliniyor, altyap\u0131n\u0131n tahrip olmas\u0131 nedeniyle ekonomiyi yava\u015flatan sava\u015f\u0131n do\u011frudan etkisi, yat\u0131r\u0131mlardaki b\u00fcy\u00fck d\u00fc\u015f\u00fc\u015f, operasyon i\u00e7in gerekli temel malzemelerin ithalat\u0131n\u0131 engelleyen ablukalar. D\u00fcnyadaki herhangi bir ekonomiye hayati \u00f6nem ta\u015f\u0131yan ihracat\u0131n engellenmesi, kom\u015fu \u00fclkelerin ekonomik durumundaki d\u00fc\u015f\u00fc\u015f de. Bizimle kom\u015fu \u00fclke ekonomileri aras\u0131nda da do\u011frudan bir ili\u015fki var, bu y\u00fczden etkilenmememiz m\u00fcmk\u00fcn de\u011fil, \u00fclke i\u00e7indeki Korona ku\u015fatmas\u0131 ya da ambargo eklendi, buna Korona nedeniyle uluslararas\u0131 abluka da eklendi, bu da k\u00fcresel ekonomide benzeri g\u00f6r\u00fclmemi\u015f bir d\u00fc\u015f\u00fc\u015fe yol a\u00e7t\u0131. T\u00fcm bu fakt\u00f6rler, son on y\u0131lda ekonomi ve Suriye liras\u0131 meselesini artan bir \u015fekilde etkiledi.Bu ger\u00e7ekler, herhangi bir temerr\u00fcde gerek\u00e7e de\u011fil, bir durumun a\u00e7\u0131klamas\u0131 olan aksiyomlard\u0131r ve ho\u015fumuza gitse de gitmese de bizi etkileyecekler ama bu etki mutlak de\u011fil, ortadan kald\u0131rmam\u0131z veya ortadan kald\u0131rmam\u0131z anlam\u0131na geliyor, hasar nisbidir. Ancak hasarla y\u00fczle\u015fmek yeteneklerimize, yarat\u0131c\u0131l\u0131\u011f\u0131m\u0131za, irademize ba\u011fl\u0131d\u0131r, ancak ko\u015fullar\u0131n de\u011fi\u015fmesini beklersek ortada hi\u00e7bir sonu\u00e7 al\u0131nmayacakt\u0131r.<\/p>\n<p style=\"text-align: justify;\"><span style=\"color: #0000ff;\">Ordumuzla Duru\u015fumuz Ba\u015far\u0131lar\u0131n\u0131n Sebebi Oldu, Liram\u0131zla Duru\u015fumuz Da G\u00fc\u00e7lenmesine Sebep Olaca\u011f\u0131n\u0131 Hat\u0131rlayal\u0131m<\/span><\/p>\n<p style=\"text-align: justify;\">Cumurba\u015fkan\u0131 Esad: D\u00f6viz kurunda ani bir de\u011fi\u015fimin olmas\u0131 i\u00e7in ne olurdu? Fakt\u00f6rler de\u011fi\u015fmedi.K\u00fcrenin sava\u015f nedeniyle d\u0131\u015far\u0131dan, a\u00e7g\u00f6zl\u00fcl\u00fckten dolay\u0131 i\u00e7eriden spek\u00fclasyona konu olmas\u0131 nedeniyle acil bir de\u011fi\u015fiklik olmad\u0131 ve ekonominin kendisi ve s\u0131n\u0131rl\u0131 ihracat ayn\u0131yd\u0131, bu y\u00fczden tek fakt\u00f6r pop\u00fcler panikti, insanlar\u0131n kendi para birimlerine g\u00fcvenmek yerine dolar ve alt\u0131n almaya ko\u015ftuklar\u0131 ve ge\u00e7ti\u011fimiz y\u0131llarda para birimleri ve borsalar\u0131 \u00e7\u00f6km\u00fc\u015f olan birka\u00e7 \u00fclkenin deneyimlerine g\u00f6re, son yirmi y\u0131lda ekonomileri m\u00fckemmel ve g\u00fcvenlik durumlar\u0131 m\u00fckemmel olan pop\u00fcler panik d\u0131\u015f\u0131nda t\u00fcm fakt\u00f6rlerin bir \u00e7aresi var. Her \u015fey harikayd\u0131 ve birdenbire bu \u00e7\u00f6k\u00fc\u015f tek bir nedenden dolay\u0131 ger\u00e7ekle\u015fti, pop\u00fcler panikten dolay\u0131 ve bu, analistlerin beklentilerinin o s\u0131rada anlams\u0131z oldu\u011fu anlam\u0131na gelmekteydi.<img loading=\"lazy\" decoding=\"async\" class=\"size-medium wp-image-215808 alignright\" src=\"http:\/\/www.sana.sy\/tr\/wp-content\/uploads\/2020\/08\/3-2-300x168.jpg\" alt=\"\" width=\"300\" height=\"168\" srcset=\"https:\/\/archive.sana.sy\/tr\/wp-content\/uploads\/2020\/08\/3-2-300x168.jpg 300w, https:\/\/archive.sana.sy\/tr\/wp-content\/uploads\/2020\/08\/3-2-150x84.jpg 150w, https:\/\/archive.sana.sy\/tr\/wp-content\/uploads\/2020\/08\/3-2.jpg 660w\" sizes=\"auto, (max-width: 300px) 100vw, 300px\" \/><\/p>\n<p style=\"text-align: justify;\">Cumhurba\u015fkan\u0131 Esad: Yani tasarruf etmek i\u00e7in sterlin satan herkes asl\u0131nda enflasyona katk\u0131da bulunuyordu ve enflasyon da fiyatlar\u0131n y\u00fckselmesine katk\u0131da bulunuyordu.Sonu\u00e7 olarak kurtard\u0131\u011f\u0131ndan fazlas\u0131n\u0131 kaybediyor ve bu davran\u0131\u015f\u0131 bencilce \u00e7\u00fcnk\u00fc kendi nefsini d\u00fc\u015f\u00fcn\u00fcyor. \u00c7ok say\u0131da Suriyeliye verdi\u011fi zarar\u0131 ve devletin temel malzemeleri tedarik etme g\u00fcc\u00fcn\u00fc d\u00fc\u015f\u00fcnm\u00fcyor. Baz\u0131lar\u0131 bunun ekonomiyi etkilemeyecek s\u0131n\u0131rl\u0131 bir miktar oldu\u011funa inan\u0131yor. Bu s\u00f6zler do\u011fru de\u011fil ger\u00e7ek de\u011fil. Korona bir ki\u015fiyle ba\u015flad\u0131 ve t\u00fcm d\u00fcnyaya ta\u015f\u0131nd\u0131. D\u00f6viz kuru olumsuz etkilendi\u011finde enfeksiyonla koronadan daha h\u0131zl\u0131 ve vir\u00fcslerin do\u011frudan temas gerektirmesi nedeniyle vir\u00fcsten bula\u015f\u0131yor. Kur de\u011fi\u015fimi internet \u00fczerinden iletiliyor, \u00fcretim i\u00e7in d\u00f6viz ihtiyac\u0131 aras\u0131nda fark var ve bu olumlu bir \u015fey. Olumlu bir \u015fey olan \u00fcretim i\u00e7in d\u00f6viz ihtiyac\u0131 ile paradan vazge\u00e7mek aras\u0131nda bir fark var.Paray\u0131 terk etmek onun i\u00e7in bir infaz anlam\u0131na geliyor, infaz, ba\u015fka bir \u00fclkenin ekonomik ve siyasi karar\u0131na rehin olmak anlam\u0131na geliyor. K\u00f6leye d\u00f6n\u00fc\u015fmemiz anlam\u0131na geliyor. Tasarrufu olmayan birinden de\u011fil, daha \u00e7ok az da olsa birikim sahibi olan birinden s\u00f6z ediyorum.Tasarruf sahibi olan t\u00fcm paras\u0131n\u0131 piyasada harc\u0131yor. Ay sonuna kadar yetmeyebilir ama soru \u015fu ki bir plan\u0131m\u0131z var m\u0131? Elbette bir plan\u0131m\u0131z var ve olmasayd\u0131 2012&#8217;den beri ba\u015fka bir yerde olurduk. Bu plan al\u0131\u015f\u0131lmad\u0131k bir plan \u00e7\u00fcnk\u00fc Suriye&#8217;de olanlar finansal kurallardan ve t\u00fcm bilimsel kurallardan uzak, bu planlardan bahsedemeyiz \u00e7\u00fcnk\u00fc bunlar sava\u015f\u0131n bir par\u00e7as\u0131d\u0131r.<\/p>\n<p style=\"text-align: justify;\">Ama \u00f6zetle kurumlar taraf\u0131ndan uygulanan prosed\u00fcrler d\u00f6viz fiyat\u0131n\u0131 istikrara kavu\u015fturmay\u0131 hedefliyor ancak bu fiyat\u0131 sabitlemek veya daha iyi duruma getirmek herkesin i\u015f birli\u011fine ihtiya\u00e7 duyuyor \u00e7\u00fcnk\u00fc lira herkesin elinde, sadece kurumlar\u0131n elinde de\u011fil, di\u011fer para birimleri lehine vazge\u00e7mek yerine onu desteklemeliyiz, ordunun yan\u0131nda oldu\u011fumuzu hat\u0131rlayal\u0131m. Ba\u015far\u0131lar\u0131n\u0131n sebebi ve bizim liram\u0131zla olan duru\u015fumuz, g\u00fcc\u00fcn\u00fcn sebebi olacakt\u0131r.<\/p>\n<p style=\"text-align: justify;\">Cumhurba\u015fkan\u0131 Esad: T\u00fcm bu zorluklarla y\u00fczle\u015fmek i\u00e7in en \u00f6nemli nokta, ister liran\u0131n fiyat\u0131, ister abluka ve di\u011ferlerinden kaynaklanan ekonomik zorluklar, ekonomik d\u00f6ng\u00fc ile ilgili&#8230; Bu ko\u015fullarda \u00fclke ekonomisine ve projelerine sermaye koymak m\u00fcmk\u00fcn m\u00fcd\u00fcr? Sorunun kendisi, ko\u015fullar\u0131n de\u011fi\u015fmesini bekledi\u011fimiz, ko\u015fullar\u0131n \u00f6ng\u00f6r\u00fclebilir gelecekte de\u011fi\u015fmeyece\u011fi anlam\u0131na gelir, bu y\u00fczden onlar\u0131 de\u011fi\u015ftirmek i\u00e7in \u00e7aba g\u00f6stermeliyiz ki, ak\u0131nt\u0131lar\u0131n istedikleri y\u00f6ne gidecekleri okyanusun kalbindeki bir tahta par\u00e7as\u0131 gibi olmamal\u0131y\u0131z, baz\u0131lar\u0131n\u0131n inand\u0131\u011f\u0131n\u0131n aksine, bu durum para enjeksiyonu i\u00e7in uygun bir durumdur. Ya\u015fam ko\u015fullar\u0131n\u0131 iyile\u015ftirmek, i\u015f imkanlar\u0131 yaratmak, Suriye liras\u0131n\u0131 desteklemek, \u00f6zellikle bir devletin ekonomisinden veya y\u0131k\u0131lan bir \u00fclkenin ekonomisinden bahsetmedi\u011fimizi, t\u00fcm y\u0131k\u0131ma ra\u011fmen Suriye ekonomisi ve yat\u0131r\u0131mlar\u0131 hala mevcut, sava\u015ftan \u00f6nce var olan ve ya\u015fad\u0131\u011f\u0131 t\u00fcm kay\u0131plara direnen bir\u00e7ok yat\u0131r\u0131m var.<\/p>\n<p style=\"text-align: justify;\"><span style=\"color: #0000ff;\">Ulusal Ekonomiyi Destekleme Ve Abluka \u0130le Y\u00fczle\u015fme Kabiliyeti \u0130\u00e7in K\u00fc\u00e7\u00fck Yat\u0131r\u0131mlar\u0131, Tar\u0131m Sekt\u00f6r\u00fc Ulusal Ekonominin Temel Dayana\u011f\u0131 Olup Desteklenmelidir.<\/span><\/p>\n<p style=\"text-align: justify;\">Ba\u015fkan Esad: Sava\u015f s\u0131ras\u0131nda ba\u015flayan yat\u0131r\u0131mlar var, sava\u015f s\u0131ras\u0131nda geni\u015fleyen yat\u0131r\u0131mlar var, bu konu\u015fma ne anlama geliyor, yetenekler mevcut demek, kapasite mevcut demek ama ihtiyac\u0131m\u0131z olan daha irade ve daha cesur, sermayenin korkak oldu\u011funu s\u00f6yleyenler var ve bu bir terim Hepimiz dola\u015f\u0131mda oldu\u011funu biliyoruz, do\u011fru, yabanc\u0131 sermaye korkakt\u0131r, ulusal sermaye i\u00e7in korkak olmas\u0131na izin verilmez, korkak\u00e7a kaybeden milli sermaye kaybeder ve kaybetti\u011finde milleti kaybeder ve \u00fclke milli sermaye y\u00fcz\u00fcnden kaybetti\u011finde bu sermaye olamaz Ulusal sermaye, ancak ekonomik d\u00f6ng\u00fcn\u00fcn bir par\u00e7as\u0131 oldu\u011funda ulusal olabilir.<\/p>\n<p style=\"text-align: justify;\">Cumhurba\u015fkan\u0131 Esad: Tarih boyunca in\u015fa edilen \u00fclkeler, \u00f6zellikle modern tarihte, cesur sermaye ile in\u015fa edilmi\u015f, korkak sermaye ile in\u015fa edilmemi\u015f, giri\u015fimci sermayeyle in\u015fa edilmi\u015f, a\u011f\u0131r sermaye ile in\u015fa edilmemi\u015f, tabii ki bu konu\u015fma yeterli de\u011fil, ayn\u0131 zamanda devlet kurumlar\u0131nda da bir bak\u0131ma biz var\u0131z \u00f6zellikle ve genel olarak devlet kurumlar\u0131nda her t\u00fcrl\u00fc yat\u0131r\u0131m\u0131n \u00f6n\u00fcndeki t\u00fcm engelleri kald\u0131rmak i\u00e7in \u00f6zenle \u00e7al\u0131\u015fmak, ama biz her zaman b\u00fcy\u00fck yat\u0131r\u0131ma odakland\u0131k, bug\u00fcn ulusal ekonomiyi daha fazla ta\u015f\u0131ma yetene\u011fi i\u00e7in k\u00fc\u00e7\u00fck yat\u0131r\u0131mlar\u0131 desteklemeliyiz, bunun nedeni esnek olmas\u0131, bask\u0131lara daha dayan\u0131kl\u0131 olmas\u0131 ve abluka ile y\u00fczle\u015fmesi, daha \u00e7e\u015fitli, co\u011frafi olarak daha da\u011f\u0131t\u0131lm\u0131\u015f, yerel kaynaklara daha ba\u011f\u0131ml\u0131, maliyeti daha d\u00fc\u015f\u00fck ve finansman\u0131 daha kolay. \u00d6ncelikli olarak ithalat ihtiyac\u0131n\u0131 azaltanlar olmak \u00fczere, malzeme ve insan kaynaklar\u0131na ba\u011f\u0131ml\u0131 olan sekt\u00f6rlere \u00f6ncelikli avantajlar verilmelidir.<\/p>\n<p style=\"text-align: justify;\">Cumhurba\u015fkan\u0131 Esad: Tar\u0131m sekt\u00f6r\u00fcn\u00fcn \u00fclke ekonomisinin temel dayana\u011f\u0131 oldu\u011fu d\u00fc\u015f\u00fcn\u00fcld\u00fc\u011f\u00fcnde, \u00f6zellikle tar\u0131m sekt\u00f6r\u00fcn\u00fc destekliyor, k\u0131rsal ve aile \u00fcr\u00fcnlerinin \u00fcretimini ve pazarlamas\u0131n\u0131 desteklemenin yan\u0131 s\u0131ra g\u00f6rd\u00fc\u011f\u00fcn\u00fcz gibi k\u00fc\u00e7\u00fck yat\u0131r\u0131mlardan bahsediyorum \u00e7\u00fcnk\u00fc \u00e7e\u015fitlendiriliyorlar ve da\u011f\u0131t\u0131l\u0131yorlar. \u0130\u015f yaratabiliyorlar ve mevcut durumumuzda ekonomiyi ger\u00e7ekten ta\u015f\u0131yabiliyorlar. B\u00fcy\u00fck yat\u0131r\u0131mlardan \u00e7ok daha h\u0131zl\u0131 kurulabilir ve bu, yani k\u0131rsal \u00fcr\u00fcnlerin \u00fcretimini ve pazarlamas\u0131n\u0131 desteklemek, k\u0131rsal topluluklar i\u00e7in daha fazla istikrar yaratacak ve k\u0131rsaldan g\u00f6\u00e7\u00fc ve \u015fehire olan bask\u0131y\u0131 da azaltacakt\u0131r.<\/p>\n<p style=\"text-align: justify;\">Cumhurba\u015fkan\u0131 Esad: En \u00f6nemli sekt\u00f6r olan tar\u0131m ise, \u00e7ok eski zamanlardan beri toplumumuzdaki ve ekonomimizdeki rol\u00fc nedeniyle ekonomik d\u00f6ng\u00fcy\u00fc destekleyebilecek en yetenekli sekt\u00f6rd\u00fcr, ancak bir\u00e7ok ki\u015finin tar\u0131m ekonomisi pahas\u0131na b\u00fcy\u00fcyen hizmet ekonomisine olan e\u011filiminden ve bu sekt\u00f6r\u00fcn devlet taraf\u0131ndan b\u00fcy\u00fck destek g\u00f6rmesine ra\u011fmen rol\u00fc olumsuz etkilendi. Ancak onlarca y\u0131ld\u0131r tar\u0131m sekt\u00f6r\u00fcn\u00fcn destek y\u00f6ntemleri, yap\u0131s\u0131 ve b\u00fcnyesi de\u011fi\u015fmeden ayn\u0131d\u0131r ve y\u00f6netimi geli\u015ftirilmeyen ve yeniden yap\u0131lanmaya tabi olmayan herhangi bir sekt\u00f6r, politikalar geli\u015ftirilse bile geli\u015femez. \u0130dare, ilgili kurumlar\u0131n birbirleriyle ili\u015fkilerini, rol da\u011f\u0131l\u0131m\u0131n\u0131, g\u00f6rev da\u011f\u0131l\u0131m\u0131n\u0131, koordinasyonunu, ortak planlamay\u0131, ortak uygulamay\u0131 belirler.Tar\u0131m sekt\u00f6r\u00fc ile ilgili veya ilgili \u00e7ok say\u0131da bakanl\u0131\u011f\u0131m\u0131z, Merkez m\u00fcd\u00fcrl\u00fcklerimiz var, \u0130n\u015faat \u015firketlerimiz var, \u00e7ift\u00e7i cemiyetlerimiz var. Bunlar\u0131n \u00fczerinde de, rab\u0131talar\u0131m\u0131z, birliklerimiz ve \u00e7ift\u00e7iler birli\u011fimiz t\u00fcm bu cihetler aras\u0131nda, destekliyoruz, planlar da destekliyor diyen tar\u0131m\u0131 desteklemede koordinasyonu sa\u011flamaktad\u0131r.<\/p>\n<p style=\"text-align: justify;\"><span style=\"color: #0000ff;\">Yolsuzluk Ekonominin, Ahlak\u0131n Ve Toplumun Delikleridir.. Bir Vatan\u0131 Yok Eder<\/span><\/p>\n<p style=\"text-align: justify;\">Cumhurba\u015fkan\u0131 Esad: Bir ki\u015fi gelip her y\u0131l\u0131n ba\u015f\u0131nda Tar\u0131m Bakanl\u0131\u011f\u0131 taraf\u0131ndan da\u011f\u0131t\u0131lan bir tar\u0131m plan\u0131 var diyecek, do\u011fru ama herhangi bir plan, a\u00e7\u0131k mekanizmalar\u0131 ve g\u00f6revleri olmayan ve bahsetti\u011fim bu organlar birbirlerinden nispeten ba\u011f\u0131ms\u0131z varl\u0131klar, sonu\u00e7lar ancak m\u00fctevaz\u0131 sonu\u00e7lar olabilir, bu y\u00fczden fark etmiyoruz. Devletin tar\u0131m sekt\u00f6r\u00fcne verdi\u011fi destekle orant\u0131l\u0131 geli\u015fmeler ve s\u0131\u00e7ramalar\u0131n var oldu\u011fu, b\u00f6yle bir durumda en iyi \u00e7\u00f6z\u00fcm\u00fcn ne oldu\u011fu ve bu gibi durumlarda tar\u0131mda stratejik sekt\u00f6rler i\u00e7in programlar, genel programlar veya tar\u0131mda belirli sekt\u00f6rler i\u00e7in tar\u0131ma odaklanabilece\u011fimiz stratejiden ba\u015fka sekt\u00f6rel programlar olu\u015fturulmas\u0131 gerekmektedir. Program nedir, bir pland\u0131r lakin bu planda idarecinin kim oldu\u011fu, g\u00f6revlerin ne oldu\u011fu a\u00e7\u0131kt\u0131r.<\/p>\n<p style=\"text-align: justify;\">Ayn\u0131 zamanda kimin ihmalkar oldu\u011funu, temerr\u00fcde d\u00fc\u015fme sebebini ve dolay\u0131s\u0131yla hesap verebilirli\u011fi belirleyebiliriz \u00e7\u00fcnk\u00fc bu organlardan herhangi birinin herhangi bir tar\u0131m projesinde veya herhangi bir sekt\u00f6rde ba\u015far\u0131s\u0131z olmas\u0131, di\u011fer t\u00fcm projelerde gecikmelere, t\u0131kanmaya ve k\u0131salmaya yol a\u00e7acak veya politikalarda oldu\u011fu gibi geri kalan kurumlar\u0131n \u00e7al\u0131\u015fmalar\u0131n\u0131 da engelleyecektir. Stratejik olmayan k\u0131rsal mahsuller desteklenmelidir.<\/p>\n<p style=\"text-align: justify;\">Cumhurba\u015fkan\u0131 Esad: Yani bug\u00fcn ku\u015fatma ko\u015fullar\u0131nda her \u015fey stratejik hale geliyor, stratejik olmayan mahsul dedi\u011fimiz mahsuller, bu\u011fday ve di\u011ferleri gibi g\u00fcnl\u00fck olarak onlara ihtiyac\u0131m\u0131z olmad\u0131\u011f\u0131 do\u011frudur, ancak sonu\u00e7ta bir\u00e7ok g\u0131da ihtiyac\u0131n\u0131 kar\u015f\u0131layan ve ayn\u0131 zamanda i\u015f f\u0131rsatlar\u0131 yaratmaya yard\u0131mc\u0131 olan \u00e7e\u015fitli mahsuller ve destekleri pazarlama yoluyla ve arac\u0131l\u0131\u011f\u0131yla. Genel tar\u0131m politikalar\u0131n\u0131n veya sekt\u00f6rel programlar\u0131n bir par\u00e7as\u0131 olmas\u0131 gereken, \u00f6zellikle k\u00fc\u00e7\u00fck ve yerel end\u00fcstrilerle ili\u015fkili g\u0131da end\u00fcstrilerini desteklemek, yani bug\u00fcn inek ve ke\u00e7ilerden ve s\u00fct \u00fcretiminden s\u00f6z edemiyoruz, s\u00fct ve t\u00fcrevlerinden de s\u00f6z etmiyoruz. K\u00fcmes hayvanlar\u0131 hakk\u0131nda konu\u015famay\u0131z, yem end\u00fcstrisinden de bahsedemeyiz, ba\u015fka bir sekt\u00f6re veya ba\u015fka bir \u00fcr\u00fcne gidemeyiz, bal\u0131n katma de\u011feri y\u00fcksek baldan bahsedemeyiz ve katma de\u011feri y\u00fcksek sat\u0131labilmesi i\u00e7in ambalaj hatlar\u0131ndan da bahsedemeyiz bu ve bunun gibi \u00fcr\u00fcnler \u00e7oktur. Sadece \u00f6rnekler veriyorum. Yani, tar\u0131m politikalar\u0131n\u0131n ba\u011f\u0131ms\u0131z politikalar oldu\u011funu varsaymak zor. \u00d6zetle, tar\u0131m sekt\u00f6r\u00fcndeki acil reformlar di\u011fer sekt\u00f6rlere g\u00f6re daha h\u0131zl\u0131 ve geni\u015f sonu\u00e7 verebilir. Bu nedenle, bu reformlar sonraki a\u015famada devlet kurumlar\u0131n\u0131n \u00e7al\u0131\u015fmalar\u0131n\u0131n ana eksenlerinden biri olmal\u0131d\u0131r.<\/p>\n<p style=\"text-align: justify;\">Cumhurba\u015fkan\u0131 Esad: Bayanlar ve baylar, kaynaklar\u0131n art\u0131r\u0131lmas\u0131 \u00e7al\u0131\u015fmalar\u0131na, bunlar\u0131n t\u00fckenmesini durdurmak i\u00e7in yap\u0131lan \u00e7al\u0131\u015fmalar e\u015flik etmelidir. Delikli bir kab\u0131, deliklerini kapatmadan doldurmak m\u00fcmk\u00fcn de\u011fildir. Yolsuzluk da, ekonominin, ahlak\u0131n ve toplumun deli\u011fidir vatan\u0131 da \u00e7\u00f6k\u00fcnt\u00fcye u\u011frat\u0131r. Baz\u0131lar\u0131 kampanyan\u0131n son birka\u00e7 y\u0131lda ba\u015flat\u0131ld\u0131\u011f\u0131na inan\u0131yor,bu dakik de\u011fildir, \u00f6ncelikle do\u011fru de\u011fil \u00e7\u00fcnk\u00fc kampanya kelimesi, yolsuzluk devam ederken ba\u015flang\u0131c\u0131 ve sonu olan ge\u00e7ici bir kelime, ikincisi ise yolsuzlukla m\u00fccadele hi\u00e7 bir g\u00fcn durmad\u0131, ancak son y\u0131llarda \u00e7e\u015fitli nedenlerle t\u0131rmand\u0131 ve bu sebeplerden bahsedece\u011fim \u00e7\u00fcnk\u00fc neler oldu\u011funu bilmemiz gerekiyor.<\/p>\n<p style=\"text-align: justify;\">Cumhurba\u015fkan\u0131 Esad: Birinci neden, yolsuzluklar\u0131 \u00f6rtecek kanunlardaki bir\u00e7ok ve b\u00fcy\u00fck bo\u015fluklar \u0131\u015f\u0131\u011f\u0131nda kurumlar\u0131n yolsuzluk vakalar\u0131n\u0131 ispat etme yeteneklerinin artmas\u0131 .. Bu birinci sebep, ikinci sebep, sava\u015f\u0131n tam kalbindeyiz ve her zaman farkl\u0131 topraklar\u0131 ve b\u00f6lgeleri kurtarmaktan bahsediyoruz. Hukukun \u00fcst\u00fcnl\u00fc\u011f\u00fcn\u00fcn geri d\u00f6nmesi sadece topraklar\u0131n kurtar\u0131lmas\u0131 ve kanun otoritesiyle olmaz, topraklar\u0131n kanunsuz bir \u015fekilde kurtar\u0131lmas\u0131n\u0131n hi\u00e7bir anlam\u0131 yoktur. Hukuk ile yolsuzluk ise tek bir \u00e7at\u0131 alt\u0131nda yer alamaz, bu nedenle hukukun \u00fcst\u00fcn\u015f\u00fc\u011f\u00fc ve kurtulu\u015fun tam olmas\u0131 i\u00e7in yolsuzlu\u011fun da vurulmas\u0131 gerekmektedir.<\/p>\n<p style=\"text-align: justify;\"><span style=\"color: #0000ff;\">Yasal Yollarla Ve Kurumlar Arac\u0131l\u0131\u011f\u0131yla \u00c7al\u0131nan Kamu Fonlar\u0131n\u0131 Geri Almaya Devam Ediyoruz<\/span><\/p>\n<p style=\"text-align: justify;\">Ba\u015fkan Esad: \u00dc\u00e7\u00fcnc\u00fc noktaya gelince, Korona salg\u0131n\u0131na geri d\u00f6nd\u00fc\u011f\u00fcm\u00fcz i\u00e7in, salg\u0131n\u0131n kalbinde oldu\u011fumuza g\u00f6re, Korona salg\u0131n\u0131na direnecek en \u00f6nemli fakt\u00f6rler sa\u011fl\u0131kl\u0131 bir v\u00fccut, do\u011fru ya\u015fam tarz\u0131, do\u011fru yiyecek vb. Suriye&#8217;ye kar\u015f\u0131 her t\u00fcrl\u00fc sava\u015f, ku\u015fatma ve sald\u0131rganl\u0131k bir hastal\u0131kt\u0131r. Bu v\u00fccut sa\u011fl\u0131kl\u0131 de\u011filse, ulusal d\u00fczeyde hastal\u0131\u011fa direnemeyiz. Bu nedenle, sava\u015f\u0131n ba\u015f\u0131nda bir\u00e7ok ki\u015fi sava\u015f\u0131n yolsuzlukla m\u00fccadele de dahil olmak \u00fczere bir\u00e7ok \u00f6nceli\u011fi erteledi\u011fine inan\u0131yordu. Onu hastal\u0131klarla k\u0131yaslayan bask\u0131lar yo\u011funla\u015ft\u0131, yolsuzlukla m\u00fccadele bu t\u00fcr ko\u015fullar i\u00e7in daha gerekliydi \u00e7\u00fcnk\u00fc vatana sa\u011fl\u0131kl\u0131 bir v\u00fccut veren yolsuzlukla sava\u015fmakt\u0131r.Ulus, ter\u00f6ristler taraf\u0131ndan tahrip edilirken, yozla\u015fm\u0131\u015flar taraf\u0131ndan ya\u011fmalan\u0131rken dayanamaz.<\/p>\n<p style=\"text-align: justify;\">Cumhurba\u015fkan\u0131 Esad: Baz\u0131lar\u0131 yolsuzlu\u011fun apa\u00e7\u0131k oldu\u011funu iddia ediyorlar, herkesin bildi\u011fini s\u00f6yl\u00fcyorlar, sokakta y\u00fcr\u00fcrseniz ihlal g\u00f6r\u00fcrs\u00fcn\u00fcz, di\u011fer bir deyi\u015fle hay\u0131r diyoruz, memur kanunu g\u00f6r\u00fcr, kanun belgeler ve delillerle g\u00f6r\u00fcr, dedikoduyla memur olarak y\u00fcr\u00fcyemeyiz Ki\u015fisel g\u00f6r\u00fc\u015flerle, aksi halde bu durumda bir devlet kurmaya de\u011fil, bir orman in\u015fa etmeye katk\u0131da bulunuyoruz, bu y\u00fczden yolsuzlukla m\u00fccadeleye dahil olan merakl\u0131lara ve s\u00fcrekli dara\u011fac\u0131n\u0131 asmaktan bahsedenlere diyorum, yolsuzlukla m\u00fccadelede as\u0131l\u0131 kalmayacak, yasalarda reform olacak, kararlarda reform var Prosed\u00fcrlerde bir reform var, mesele bir intikam meselesi de\u011fil, bir reform meselesi ve bir su\u00e7 de\u011fil. Cayd\u0131r\u0131c\u0131l\u0131k kesinlikle gerekli, ancak \u00f6ncelikler var ve bir s\u0131ra var.Yolsuzlukla m\u00fccadelede cayd\u0131r\u0131c\u0131l\u0131k ilk de\u011fil son fakt\u00f6rd\u00fcr. Bu s\u00fcreci ge\u00e7ip ikinci, \u00fc\u00e7\u00fcnc\u00fc ve d\u00f6rd\u00fcnc\u00fc fakt\u00f6rle ba\u015flay\u0131p di\u011ferine var\u0131rsak ve birinciyle ba\u015flamazsak, yapt\u0131\u011f\u0131m\u0131z her \u015feyin bir etkisi ve bir anlam\u0131 kalmaz.<\/p>\n<p style=\"text-align: justify;\">Cumhurba\u015fkan\u0131 Esad: Yukar\u0131dakilerin t\u00fcm\u00fc, ya\u011fmalanm\u0131\u015f kamu fonlar\u0131n\u0131 yasal yollarla ve kurumlar arac\u0131l\u0131\u011f\u0131yla geri almaya devam edece\u011fimiz ve kendini hukukun \u00fcst\u00fcnde d\u00fc\u015f\u00fcnen kimsenin kay\u0131r\u0131lmayaca\u011f\u0131 anlam\u0131na geliyor ve bu konuda yap\u0131lan her \u015fey, yolsuzlukla m\u00fccadele konusundaki konu\u015fmam\u0131z\u0131n asla bir in\u015faat veya propaganda s\u00f6z\u00fc olmad\u0131\u011f\u0131n\u0131 do\u011fruluyor. Ya da yerel t\u00fcketim i\u00e7in, eylemler daha anlaml\u0131 ve ger\u00e7ekler, kurumlar\u0131n bu alanda yapt\u0131klar\u0131n\u0131n ve ciddiyetinin, sa\u011flaml\u0131\u011f\u0131n\u0131n ve kararl\u0131l\u0131\u011f\u0131n\u0131n daha \u00e7ok g\u00f6stergesidir.<\/p>\n<p style=\"text-align: justify;\"><span style=\"color: #0000ff;\">Suriye&#8217;ye Kar\u015f\u0131 Sava\u015f M\u00fcnferit Bir Vaka De\u011fil, Bat\u0131&#8217;n\u0131n Ba\u015f\u0131n\u0131 \u00c7ekti\u011fi Uluslararas\u0131 \u00c7at\u0131\u015fman\u0131n Bir Par\u00e7as\u0131<\/span><\/p>\n<p style=\"text-align: justify;\">Cumhurba\u015fkan\u0131 Esad: Bayanlar Baylar, bug\u00fcn siyasi durumdan bahsetmek istersek, bu ba\u015fl\u0131k alt\u0131na girebilecek konular\u0131 belirlemek zor olacak, alanlar aras\u0131ndaki s\u0131n\u0131rlar tek oluncaya kadar eridi. Ter\u00f6rizmle ilgili, ter\u00f6rizm bir politika haline geldi ve halktan ekme\u011fi ve ilac\u0131 engellemek bir politikad\u0131r. Art\u0131k var olmad\u0131\u011f\u0131n\u0131 bildi\u011fimiz politikan\u0131n yerini yalanlara ve ikiy\u00fczl\u00fcl\u00fc\u011fe b\u0131rakt\u0131 ve Siyonist d\u00fc\u015fman, ihvanc\u0131 T\u00fcrkiye ve h\u0131rs\u0131z Amerika aras\u0131nda ayr\u0131m yapmak zorla\u015ft\u0131. Suriye&#8217;ye kar\u015f\u0131 sava\u015f m\u00fcnferit bir vaka de\u011fil, Bat\u0131&#8217;n\u0131n tek kutbu, reddeden uluslararas\u0131 g\u00fc\u00e7lerin y\u00fckseli\u015fiyle sars\u0131ld\u0131ktan sonra d\u00fcnya \u00fczerindeki kontrol\u00fcn\u00fc s\u00fcrd\u00fcrmek i\u00e7in y\u00f6netti\u011fi uluslararas\u0131 m\u00fccadelenin bir par\u00e7as\u0131d\u0131r.<img loading=\"lazy\" decoding=\"async\" class=\"size-medium wp-image-215809 alignright\" src=\"http:\/\/www.sana.sy\/tr\/wp-content\/uploads\/2020\/08\/4-3-300x168.jpg\" alt=\"\" width=\"300\" height=\"168\" srcset=\"https:\/\/archive.sana.sy\/tr\/wp-content\/uploads\/2020\/08\/4-3-300x168.jpg 300w, https:\/\/archive.sana.sy\/tr\/wp-content\/uploads\/2020\/08\/4-3-150x84.jpg 150w, https:\/\/archive.sana.sy\/tr\/wp-content\/uploads\/2020\/08\/4-3.jpg 660w\" sizes=\"auto, (max-width: 300px) 100vw, 300px\" \/><\/p>\n<p style=\"text-align: justify;\">Ba\u015fkan Esad: \u00d6yleyse biz ve d\u00fcnyan\u0131n geri kalan\u0131 uzun ve co\u011frafi olarak geni\u015f bir sava\u015fla kar\u015f\u0131 kar\u015f\u0131yay\u0131z. Ayn\u0131 bize kar\u015f\u0131 sava\u015f\u0131n ba\u015flamas\u0131 k\u00fcresel siyasi haritalarda bir de\u011fi\u015fikli\u011fin ba\u015flang\u0131c\u0131yd\u0131, bu y\u00fczden Suriye&#8217;yi savunmak da bu haritalar\u0131n \u00e7izilmesinin bir par\u00e7as\u0131 olmal\u0131d\u0131r.<\/p>\n<p style=\"text-align: justify;\">Ancak, son otuz y\u0131lda kaybetti\u011fi ve d\u00fcnyan\u0131n kayb\u0131n\u0131n bedelini a\u011f\u0131r \u00f6dedi\u011fi ve halen \u00f6dedi\u011fi \u015fekilde. Bu k\u00fcresel sanc\u0131lar\u0131n ortas\u0131nda ve bu kaosun ve aldatma ve yalanlarla dolu tozun kalbinde, hi\u00e7bir \u015fey vizyonumuzu bozmaz veya hedefimizi ka\u00e7\u0131rmaz, t\u0131pk\u0131 d\u00fc\u015fmanlar\u0131m\u0131z\u0131n politikas\u0131n\u0131n ter\u00f6r\u00fc desteklemek oldu\u011fu gibi, politikam\u0131z\u0131n odak noktas\u0131 da ter\u00f6re sald\u0131rmaya devam etmek ve topra\u011f\u0131m\u0131z\u0131n birli\u011fini korumak ve insanlar\u0131 korumak i\u00e7in topraklardan kalanlar\u0131 \u00f6zg\u00fcrle\u015ftirmek Ve zamanlama, silahl\u0131 kuvvetlerimizin planlanan sava\u015flara haz\u0131r olup olmad\u0131klar\u0131na g\u00f6re belirlenir ve onlarla sava\u015ft\u0131\u011f\u0131m\u0131zda, bizim i\u00e7in yerli ve ithal ter\u00f6rist aras\u0131nda, ter\u00f6ristle i\u015fgalci asker aras\u0131nda, siyonist, T\u00fcrk ve Amerikal\u0131 aras\u0131nda hi\u00e7bir fark yoktur, topraklar\u0131m\u0131zda hepsi bizim d\u00fc\u015fman\u0131m\u0131zd\u0131r.<\/p>\n<p style=\"text-align: justify;\">Cumhurba\u015fkan\u0131 Esad: Siyasi giri\u015fimlere gelince, \u0130ran ve Rusya&#8217;daki dostlar\u0131m\u0131z\u0131n kendilerini ilerletme y\u00f6n\u00fcndeki samimi \u00e7abalar\u0131na ra\u011fmen, ABD ve onun temsilcisi T\u00fcrkiye ve civardaki temsilcileri sayesinde, giri\u015fimlerden siyasi alayc\u0131l\u0131\u011fa d\u00f6n\u00fc\u015ft\u00fcler, ancak yine de bilgimize ra\u011fmen siyasi giri\u015fimleri desteklemenin gerekli oldu\u011funa inan\u0131yoruz. Kar\u015f\u0131 taraf\u0131n, vatan d\u0131\u015f\u0131ndaki ger\u00e7ek efendilerinin emirleri ve paralar\u0131 taraf\u0131ndan y\u00f6netildi\u011fini ve siyasi giri\u015fimlerin kullan\u0131m\u0131n\u0131n, ter\u00f6rizmle ba\u015faramad\u0131klar\u0131n\u0131 onlar arac\u0131l\u0131\u011f\u0131yla ba\u015farmak i\u00e7in kurduklar\u0131 tuzaklar haline getirmeyi ama\u00e7lad\u0131\u011f\u0131n\u0131 biliyoruz. Bu sadece onlar\u0131n hayallerinde olacak, ama onlarla birlikte pop\u00fcler atas\u00f6z\u00fc \u201cYalanc\u0131y\u0131 kap\u0131n\u0131n arkas\u0131na kadar izle&#8221;nin uygulanmas\u0131nda takip edece\u011fiz. Ger\u00e7ek diyalo\u011fa gelince, g\u00fc\u00e7l\u00fc bir \u015fekilde destekledi\u011fimiz, i\u00e7tenlikle arad\u0131\u011f\u0131m\u0131z ve buna derinden inand\u0131\u011f\u0131m\u0131z \u00f6zg\u00fcr insanlar aras\u0131ndaki \u00f6zg\u00fcr diyalo\u011fa gelince, istihdam, ihanet ve k\u00f6lelik ger\u00e7e\u011fi, k\u0131sacas\u0131 t\u00fcm g\u00fcr\u00fclt\u00fcler taraf\u0131ndan yok edilen hala sadece dileklerdir. Ve zaman zaman ortaya \u00e7\u0131kan toz da beraberinde \u00f6nemli bir de\u011fi\u015fiklik getirmedi, \u00e7\u00fcnk\u00fc vatansever vatan\u0131 savunuyor ve hain onu yok etmeye \u00e7al\u0131\u015f\u0131yor. Yerleri de\u011fi\u015ftirmiyor ve ileride herhangi bir geli\u015fme oldu\u011funda halk\u0131n t\u00fcm detaylardan haberdar olmas\u0131 i\u00e7in mutlaka \u015feffaf bir \u015fekilde konu\u015faca\u011f\u0131z.<\/p>\n<p style=\"text-align: justify;\"><span style=\"color: #0000ff;\">Golan, Her D\u00fcr\u00fcst Suriyelinin Kalbindedir, Stat\u00fcs\u00fc, Siyonist Varl\u0131\u011f\u0131n Veya Ahlaks\u0131z bir Amerikan Rejiminin \u0130lhak Karar\u0131yla De\u011fi\u015ftirilemez<\/span><\/p>\n<p style=\"text-align: justify;\">Cumhurba\u015fkan\u0131 Esad: Sonu\u00e7ta bu sava\u015f, temel meselelerdeki konumlar\u0131m\u0131z\u0131n do\u011frulu\u011funu kan\u0131tlad\u0131, b\u00f6ylece d\u00fc\u015fmanlar\u0131n umdu\u011fu gibi onlar\u0131 de\u011fi\u015ftirmek yerine daha istikrarl\u0131 hale getirdi.\u0130srail d\u00fc\u015fmand\u0131r ve ter\u00f6rizmin kayna\u011f\u0131 ve kayna\u011f\u0131d\u0131r ve Filistin ana mesele olarak kal\u0131r ve o\u011fullar\u0131 bizim karde\u015flerimizdir ve e\u011fer onun ba\u011f\u0131ndan dolay\u0131 iyili\u011fi inkar eden ve ihanet eden biri varsa, budur. Filistin&#8217;e, ama Filistin&#8217;e ait olmad\u0131\u011f\u0131 i\u00e7in, kendisi ile ihanet ve ihanet eylemi yapan Suriyeli, Arap veya yabanc\u0131 aras\u0131nda hi\u00e7bir fark yoktur.<\/p>\n<p style=\"text-align: justify;\">Golan&#8217;daki sevgili halk\u0131m\u0131za gelince, onlar Suriye&#8217;nin salih \u00e7ocuklar\u0131, i\u015fgalci Siyonistlerin g\u00f6z\u00fcnde ve bo\u011faz\u0131ndaki diken olarak kalacaklar ve \u00f6zellikle sava\u015f s\u0131ras\u0131nda yar\u0131m as\u0131rd\u0131r bizim yan\u0131m\u0131zdayd\u0131lar. \u00c7ok \u015fey \u00f6\u011frenebilece\u011fimiz bir vatanseverlik modeli ve s\u0131k\u0131nt\u0131 zamanlar\u0131nda \u00fclkeleri i\u00e7in ger\u00e7ek bir manevi destek sunmu\u015flar hainlere bir sadakat ve vatanseverlik \u00f6rne\u011fi sergilemi\u015flerdir.<\/p>\n<p style=\"text-align: justify;\">Cumhurba\u015fkan\u0131 Esad: Bayanlar Baylar, halk kendileri i\u00e7in sadece \u00f6zg\u00fcr bir ses olmay\u0131 de\u011fil, \u00e7\u0131karlar\u0131n\u0131 ifade eden bir eylem olmay\u0131 arzuluyorlar. Bu g\u00f6rev normal \u015fartlarda zorsa, sava\u015f durumunda zorlu\u011fun ikiye katlanaca\u011f\u0131na \u015f\u00fcphe yoktur. Bu amaca ula\u015fmak mesai saatlerini iki kat\u0131na \u00e7\u0131karmak olmayacak. Bu gerekliyse, ancak yarat\u0131c\u0131l\u0131k ve yenilik yoluyla sonu\u00e7lar\u0131 \u00e7o\u011faltmakt\u0131r gerekli olan da budur.<\/p>\n<p style=\"text-align: justify;\">Cumhurba\u015fkan\u0131 Esad konu\u015fmas\u0131n\u0131 \u015fu s\u00f6zlerle noktalad\u0131: Halk\u0131m\u0131za geni\u015f kat\u0131l\u0131m\u0131yla egemenli\u011fin pazarl\u0131k i\u00e7in olmad\u0131\u011f\u0131n\u0131, iradesine el konulmad\u0131\u011f\u0131n\u0131, hakk\u0131n\u0131n sat\u0131lmad\u0131\u011f\u0131n\u0131 ve kamusal alanda i\u015f\u00e7iler olarak hizmetinde d\u00fcr\u00fcst olman\u0131n bize hakk\u0131 oldu\u011funu ve sonra da onun g\u00fcvenine, kararl\u0131l\u0131\u011f\u0131na, asaletine ve ordusunun cesaretine g\u00f6re olaca\u011f\u0131z. Ve yaral\u0131lar\u0131n\u0131n ve \u015fehitlerinin fedakarl\u0131klar\u0131n\u0131, hepinize cesur g\u00f6revlerinizde ba\u015far\u0131lar diliyorum.Allah&#8217;\u0131n esenli\u011fi, merhameti ve bereketi \u00fczerinize olsun.<\/p>\n<p style=\"text-align: justify;\">Ba\u015fkan El Esad konu\u015fmadan \u00f6nce Halk Meclisi Ba\u015fkan\u0131 Hammouda Sabbagh, yard\u0131mc\u0131s\u0131 ve yeni meclis b\u00fcrosu \u00fcyeleriyle bir araya geldi.<\/p>\n<p>S.\u015e.<\/p>\n","protected":false},"excerpt":{"rendered":"<p>\u015eAM \u2013 Cumhurba\u015fkan\u0131 Be\u015far el Esad \u00fc\u00e7\u00fcnc\u00fc yasama d\u00f6neminde se\u00e7ilen Halk Meclisi \u00fcyeleri \u00f6n\u00fcnde yapt\u0131\u011f\u0131 konu\u015fmas\u0131nda, sava\u015f\u0131n g\u00f6revlerimizi yerine getirmek ve halklar\u0131n g\u00fcc\u00fc ko\u015fullara uyum sa\u011flamak ve onlar\u0131 kendi avantajlar\u0131na g\u00f6re uyarmak oldu\u011funu belirtti. Cumhurba\u015fkan\u0131 Esad, yasalardaki kusurun kurumlara ve vatanda\u015f\u0131n onlara olan g\u00fcvenine zarar verdi\u011fini ve istikrar\u0131 bozdu\u011funu .. Yasalardaki herhangi bir kusurun, ne &hellip;<\/p>\n","protected":false},"author":1,"featured_media":215802,"comment_status":"closed","ping_status":"closed","sticky":false,"template":"","format":"standard","meta":{"footnotes":""},"categories":[596,479,609,605,17988,478],"tags":[],"class_list":["post-215801","post","type-post","status-publish","format-standard","has-post-thumbnail","","category-fotografli-raporlar","category-haberler-yerel","category-konusmalar","category-sayin-cumhurbaskani","category-son-haberler","category-yerel"],"_links":{"self":[{"href":"https:\/\/archive.sana.sy\/tr\/index.php?rest_route=\/wp\/v2\/posts\/215801","targetHints":{"allow":["GET"]}}],"collection":[{"href":"https:\/\/archive.sana.sy\/tr\/index.php?rest_route=\/wp\/v2\/posts"}],"about":[{"href":"https:\/\/archive.sana.sy\/tr\/index.php?rest_route=\/wp\/v2\/types\/post"}],"author":[{"embeddable":true,"href":"https:\/\/archive.sana.sy\/tr\/index.php?rest_route=\/wp\/v2\/users\/1"}],"replies":[{"embeddable":true,"href":"https:\/\/archive.sana.sy\/tr\/index.php?rest_route=%2Fwp%2Fv2%2Fcomments&post=215801"}],"version-history":[{"count":0,"href":"https:\/\/archive.sana.sy\/tr\/index.php?rest_route=\/wp\/v2\/posts\/215801\/revisions"}],"wp:featuredmedia":[{"embeddable":true,"href":"https:\/\/archive.sana.sy\/tr\/index.php?rest_route=\/wp\/v2\/media\/215802"}],"wp:attachment":[{"href":"https:\/\/archive.sana.sy\/tr\/index.php?rest_route=%2Fwp%2Fv2%2Fmedia&parent=215801"}],"wp:term":[{"taxonomy":"category","embeddable":true,"href":"https:\/\/archive.sana.sy\/tr\/index.php?rest_route=%2Fwp%2Fv2%2Fcategories&post=215801"},{"taxonomy":"post_tag","embeddable":true,"href":"https:\/\/archive.sana.sy\/tr\/index.php?rest_route=%2Fwp%2Fv2%2Ftags&post=215801"}],"curies":[{"name":"wp","href":"https:\/\/api.w.org\/{rel}","templated":true}]}}