{"id":21585,"date":"2015-01-22T12:26:57","date_gmt":"2015-01-22T10:26:57","guid":{"rendered":"http:\/\/www.sana.sy\/tr\/?p=21585"},"modified":"2015-01-22T14:16:46","modified_gmt":"2015-01-22T12:16:46","slug":"suriyeye-gonderilmek-uzere-gencleri-toplayan-isid-lideri-durduruldu","status":"publish","type":"post","link":"https:\/\/archive.sana.sy\/tr\/?p=21585","title":{"rendered":"Suriye\u2019ye G\u00f6nderilmek \u00dczere Gen\u00e7leri Toplayan I\u015e\u0130D Lideri Durduruldu"},"content":{"rendered":"<p>LAHOR \u2013 Pakistan \u0130stihbarat birimleri \u00fclkenin do\u011fusundaki Lahor ilinde aralar\u0131nda I\u015e\u0130D ter\u00f6r \u00f6rg\u00fct\u00fc liderinden biri oldu\u011fu san\u0131lan ve Pakistanl\u0131lar\u0131 Suriye\u2019ye ter\u00f6r saflar\u0131na kat\u0131lmaya \u00f6rg\u00fctleyip g\u00f6nderen 3 3 ki\u015fiyi tutuklad\u0131.<\/p>\n<p>AFP Pakistan g\u00fcvenlik kaynaklar\u0131ndan naklen, Pakistanl\u0131 gen\u00e7leri Suriye\u2019deki I\u015e\u0130D ter\u00f6r \u00f6rg\u00fct\u00fc saflar\u0131na kat\u0131lmalar\u0131 i\u00e7in \u00f6rg\u00fctleyen 3 ki\u015fiyi tutuklad\u0131klar\u0131n\u0131 aktard\u0131.<\/p>\n<p>Ad\u0131n\u0131n a\u00e7\u0131klanmas\u0131n\u0131 istemeyen kaynak, Yusuf Selefi adl\u0131 \u015fahs\u0131n 40 ya\u015f\u0131nda Pakistanl\u0131 oldu\u011funu a\u00e7\u0131klad\u0131. Kendisiyle yap\u0131lan soru\u015fturma esnas\u0131nda 5 ay \u00f6nce T\u00fcrkiye \u00fczerinden Pakistan&#8217;a d\u00f6nd\u00fc\u011f\u00fcn\u00fc ve I\u015e\u0130D eylemlerini planlama \u00fczerinde \u00e7al\u0131\u015ft\u0131\u011f\u0131n\u0131 itiraf etti\u011fini belirtti. Kaynak bu \u015fahs\u0131n ge\u00e7en aylar i\u00e7erisinde Afganistan s\u0131n\u0131rlar\u0131ndaki Pakistan\u2019\u0131n kuzeybat\u0131s\u0131nda bulunan silahl\u0131 ter\u00f6r gruplar\u0131n\u0131n merkezi halindeki kabileler b\u00f6lgesinde Pakistan Taliban \u00fcyeleriyle g\u00f6r\u00fc\u015ft\u00fc\u011f\u00fcn\u00fcn d\u00fc\u015f\u00fcn\u00fcld\u00fc\u011f\u00fcn\u00fc ifade etti.<\/p>\n<p>Selefi\u2019nin iki orta\u011f\u0131n\u0131n yard\u0131mlar\u0131yla Pencap Vilayetine ba\u011fl\u0131 iki b\u00f6lgeyi dolarak\u00a0burada Pakistanl\u0131 gen\u00e7leri Suriye\u2019deki I\u015e\u0130D ter\u00f6r \u00f6rg\u00fct\u00fc saflar\u0131na kat\u0131lmak \u00fczere toplad\u0131klar\u0131n\u0131 belirten Pakistanl\u0131 g\u00fcvenlik kayna\u011f\u0131;\u00a0Suriye\u2019ye g\u00f6nderdi\u011fi her gen\u00e7 ba\u015f\u0131na 600 dolar para ald\u0131\u011f\u0131n\u0131 a\u00e7\u0131klad\u0131.<\/p>\n<p>S.\u015e &#8211; A.A. &#8211; R.H.<\/p>\n","protected":false},"excerpt":{"rendered":"<p>LAHOR \u2013 Pakistan \u0130stihbarat birimleri \u00fclkenin do\u011fusundaki Lahor ilinde aralar\u0131nda I\u015e\u0130D ter\u00f6r \u00f6rg\u00fct\u00fc liderinden biri oldu\u011fu san\u0131lan ve Pakistanl\u0131lar\u0131 Suriye\u2019ye ter\u00f6r saflar\u0131na kat\u0131lmaya \u00f6rg\u00fctleyip g\u00f6nderen 3 3 ki\u015fiyi tutuklad\u0131. AFP Pakistan g\u00fcvenlik kaynaklar\u0131ndan naklen, Pakistanl\u0131 gen\u00e7leri Suriye\u2019deki I\u015e\u0130D ter\u00f6r \u00f6rg\u00fct\u00fc saflar\u0131na kat\u0131lmalar\u0131 i\u00e7in \u00f6rg\u00fctleyen 3 ki\u015fiyi tutuklad\u0131klar\u0131n\u0131 aktard\u0131. Ad\u0131n\u0131n a\u00e7\u0131klanmas\u0131n\u0131 istemeyen kaynak, Yusuf Selefi adl\u0131 &hellip;<\/p>\n","protected":false},"author":1,"featured_media":21586,"comment_status":"closed","ping_status":"closed","sticky":false,"template":"","format":"standard","meta":{"footnotes":""},"categories":[458,459,447],"tags":[10525,10524,10526,10522,10527,10521,10523],"class_list":["post-21585","post","type-post","status-publish","format-standard","has-post-thumbnail","","category-dunya1","category-haberler-arap-uluslararasi-politika","category-politika","tag-bu-sahsin-gecen-aylar-icerisinde-afganistan-sinirlarindaki-pakistanin-kuzeybatisinda-bulunan-silahli-teror-gruplarinin-merkezi-halindeki-kabileler-bolgesinde-pakistan-taliban-uyeleriyle-gorus","tag-kendisiyle-yapilan-sorusturma-esnasinda-5-ay-once-girdigi-ve-turkiyeden-geldigipakistanda-isid-eylemlerini-planlama-uzerinde-calistigini","tag-selefinin-iki-ortagi-sayesinde-pencap-vilayetine-bagli-iki-bolgeyi-gezerek-burada-pakistanli-gencleri-suriyedeki-isid-teror-orgutu-saflarina-katilmak-uzere-topladiklarini-ekleyerek","tag-suriyedeki-isid-teror-orgutu-saflarinda-savasmak-icin-gencleri-toplayan-3-kisiyi-tutukladiklarini-soyledi-adinin-aciklanmasini-istemeyen-kaynak","tag-suriyeye-gonderecegi-her-genc-basina-600-dolar-para-aldigini-acikladi","tag-suriyeye-gonderilmek-uzere-gencleri-toplayan-isid-lideri-durduruldu-lahor-pakistan-istihbarat-birimleri-biri-isid-teror-orgutu-lideri-oldugu-sanilan-ve-pakistanlilari-suriye","tag-yusuf-selefi-adli-sahsin-40-yasinda-pakistanli-oldugunu"],"_links":{"self":[{"href":"https:\/\/archive.sana.sy\/tr\/index.php?rest_route=\/wp\/v2\/posts\/21585","targetHints":{"allow":["GET"]}}],"collection":[{"href":"https:\/\/archive.sana.sy\/tr\/index.php?rest_route=\/wp\/v2\/posts"}],"about":[{"href":"https:\/\/archive.sana.sy\/tr\/index.php?rest_route=\/wp\/v2\/types\/post"}],"author":[{"embeddable":true,"href":"https:\/\/archive.sana.sy\/tr\/index.php?rest_route=\/wp\/v2\/users\/1"}],"replies":[{"embeddable":true,"href":"https:\/\/archive.sana.sy\/tr\/index.php?rest_route=%2Fwp%2Fv2%2Fcomments&post=21585"}],"version-history":[{"count":0,"href":"https:\/\/archive.sana.sy\/tr\/index.php?rest_route=\/wp\/v2\/posts\/21585\/revisions"}],"wp:featuredmedia":[{"embeddable":true,"href":"https:\/\/archive.sana.sy\/tr\/index.php?rest_route=\/wp\/v2\/media\/21586"}],"wp:attachment":[{"href":"https:\/\/archive.sana.sy\/tr\/index.php?rest_route=%2Fwp%2Fv2%2Fmedia&parent=21585"}],"wp:term":[{"taxonomy":"category","embeddable":true,"href":"https:\/\/archive.sana.sy\/tr\/index.php?rest_route=%2Fwp%2Fv2%2Fcategories&post=21585"},{"taxonomy":"post_tag","embeddable":true,"href":"https:\/\/archive.sana.sy\/tr\/index.php?rest_route=%2Fwp%2Fv2%2Ftags&post=21585"}],"curies":[{"name":"wp","href":"https:\/\/api.w.org\/{rel}","templated":true}]}}