{"id":21594,"date":"2015-01-22T14:36:35","date_gmt":"2015-01-22T12:36:35","guid":{"rendered":"http:\/\/www.sana.sy\/tr\/?p=21594"},"modified":"2015-01-22T14:46:06","modified_gmt":"2015-01-22T12:46:06","slug":"isid-teroristleri-hasekede-2-koy-ahalisine-karsi-katliam-isled","status":"publish","type":"post","link":"https:\/\/archive.sana.sy\/tr\/?p=21594","title":{"rendered":"Haseke\u2019de 2 K\u00f6yde Adeta Deh\u015fet Sa\u00e7t\u0131lar"},"content":{"rendered":"<p>HASEKE \u2013 I\u015e\u0130D ter\u00f6r \u00f6rg\u00fct\u00fc ter\u00f6ristleri Haseke ili bat\u0131 k\u0131rsal\u0131ndaki Tel Me\u011fas ve Um Rakabe k\u00f6ylerinin ahalilerine y\u00f6nelik \u00a0insanl\u0131k d\u0131\u015f\u0131 bir katliam daha i\u015fledi.<\/p>\n<p>Yerel kaynaklar SANA muhabirine a\u00e7\u0131klamalar\u0131nda; I\u015e\u0130D ter\u00f6ristlerinin d\u00fcn gece il merkezine yakla\u015f\u0131k 40 km uzakl\u0131kta bulunan Tel Me\u011fas ve Um Rakabe k\u00f6ylerine a\u011f\u0131r silahlarla sald\u0131r\u0131da bulunduklar\u0131n\u0131 belirtti. Kaynaklar tekfircilerin vah\u015fi sald\u0131r\u0131lar\u0131nda kimi vatanda\u015flar\u0131 \u015fehit ve yaral\u0131 d\u00fc\u015f\u00fcrerek evlerini de y\u0131kt\u0131klar\u0131n\u0131 aktard\u0131.<\/p>\n<p>I\u015e\u0130D ter\u00f6ristlerinin kiliseleride ya\u011fmalay\u0131p sabote ettiklerini k\u00f6y sakinlerini de deh\u015fet verici eylemlerle tehcir ettiklerini.<\/p>\n<p>S.\u015e &#8211; A.A &#8211; R.H.<\/p>\n","protected":false},"excerpt":{"rendered":"<p>HASEKE \u2013 I\u015e\u0130D ter\u00f6r \u00f6rg\u00fct\u00fc ter\u00f6ristleri Haseke ili bat\u0131 k\u0131rsal\u0131ndaki Tel Me\u011fas ve Um Rakabe k\u00f6ylerinin ahalilerine y\u00f6nelik \u00a0insanl\u0131k d\u0131\u015f\u0131 bir katliam daha i\u015fledi. Yerel kaynaklar SANA muhabirine a\u00e7\u0131klamalar\u0131nda; I\u015e\u0130D ter\u00f6ristlerinin d\u00fcn gece il merkezine yakla\u015f\u0131k 40 km uzakl\u0131kta bulunan Tel Me\u011fas ve Um Rakabe k\u00f6ylerine a\u011f\u0131r silahlarla sald\u0131r\u0131da bulunduklar\u0131n\u0131 belirtti. Kaynaklar tekfircilerin vah\u015fi sald\u0131r\u0131lar\u0131nda &hellip;<\/p>\n","protected":false},"author":1,"featured_media":21612,"comment_status":"closed","ping_status":"closed","sticky":false,"template":"","format":"standard","meta":{"footnotes":""},"categories":[575],"tags":[10535,10536,10537],"class_list":["post-21594","post","type-post","status-publish","format-standard","has-post-thumbnail","","category-olaylar-ve-gercekler","tag-isid-teroristleri-hasekede-2-koy-ahalisine-karsi-katliam-isledi-haseke-isid-teror-orgutu-teroristleri-haseke-ili-bati-kirsalindaki-tel-megas-ve-um-rakabe-koy-ahalileri-hakkinda-katl","tag-isid-teroristlerinin-dun-gece-il-merkezine-yaklasik-40-km-uzaklikta-bulunan-tel-megas-ve-um-rakabe-koylerine-agir-silahlarla-saldirida-bulunmalari-sonucunda-koy-ahalilerinden-bazilarinin-sehit-dusmesi","tag-isid-teroristlerinin-kiliseleri-bozguna-ugratarak-muhtevalarini-kirip-doktuklerini-geriye-kalan-ahaliyi-de-goce-mecbur-ettiklerini-belirttiler"],"_links":{"self":[{"href":"https:\/\/archive.sana.sy\/tr\/index.php?rest_route=\/wp\/v2\/posts\/21594","targetHints":{"allow":["GET"]}}],"collection":[{"href":"https:\/\/archive.sana.sy\/tr\/index.php?rest_route=\/wp\/v2\/posts"}],"about":[{"href":"https:\/\/archive.sana.sy\/tr\/index.php?rest_route=\/wp\/v2\/types\/post"}],"author":[{"embeddable":true,"href":"https:\/\/archive.sana.sy\/tr\/index.php?rest_route=\/wp\/v2\/users\/1"}],"replies":[{"embeddable":true,"href":"https:\/\/archive.sana.sy\/tr\/index.php?rest_route=%2Fwp%2Fv2%2Fcomments&post=21594"}],"version-history":[{"count":0,"href":"https:\/\/archive.sana.sy\/tr\/index.php?rest_route=\/wp\/v2\/posts\/21594\/revisions"}],"wp:featuredmedia":[{"embeddable":true,"href":"https:\/\/archive.sana.sy\/tr\/index.php?rest_route=\/wp\/v2\/media\/21612"}],"wp:attachment":[{"href":"https:\/\/archive.sana.sy\/tr\/index.php?rest_route=%2Fwp%2Fv2%2Fmedia&parent=21594"}],"wp:term":[{"taxonomy":"category","embeddable":true,"href":"https:\/\/archive.sana.sy\/tr\/index.php?rest_route=%2Fwp%2Fv2%2Fcategories&post=21594"},{"taxonomy":"post_tag","embeddable":true,"href":"https:\/\/archive.sana.sy\/tr\/index.php?rest_route=%2Fwp%2Fv2%2Ftags&post=21594"}],"curies":[{"name":"wp","href":"https:\/\/api.w.org\/{rel}","templated":true}]}}