{"id":21615,"date":"2015-01-22T16:12:09","date_gmt":"2015-01-22T14:12:09","guid":{"rendered":"http:\/\/www.sana.sy\/tr\/?p=21615"},"modified":"2015-01-22T16:17:49","modified_gmt":"2015-01-22T14:17:49","slug":"dini-egitim-programlarinin-gelistirilmesindehiristiyan-uzmanlar-da-yer-alacak","status":"publish","type":"post","link":"https:\/\/archive.sana.sy\/tr\/?p=21615","title":{"rendered":"Dini E\u011fitim Programlar\u0131n\u0131n Geli\u015ftirilmesindeH\u0131ristiyan Uzmanlar da Yer Alacak"},"content":{"rendered":"<p>\u015eAM \u2013 Cumhurba\u015fkan\u0131 Be\u015f\u015far el Esad bug\u00fcn okullarda dini e\u011fitim programlar\u0131n\u0131 haz\u0131rlayan Ulusal E\u011fitim Programlar\u0131n\u0131 Geli\u015ftirme Merkezinde H\u0131ristiyan uzmanlar\u0131n da bulunmas\u0131n\u0131 \u00f6ng\u00f6ren 2015\/1 say\u0131l\u0131 kararnameyi onaylad\u0131.<\/p>\n<p>&nbsp;<\/p>\n<p>A.A.<\/p>\n","protected":false},"excerpt":{"rendered":"<p>\u015eAM \u2013 Cumhurba\u015fkan\u0131 Be\u015f\u015far el Esad bug\u00fcn okullarda dini e\u011fitim programlar\u0131n\u0131 haz\u0131rlayan Ulusal E\u011fitim Programlar\u0131n\u0131 Geli\u015ftirme Merkezinde H\u0131ristiyan uzmanlar\u0131n da bulunmas\u0131n\u0131 \u00f6ng\u00f6ren 2015\/1 say\u0131l\u0131 kararnameyi onaylad\u0131. &nbsp; A.A.<\/p>\n","protected":false},"author":1,"featured_media":9991,"comment_status":"closed","ping_status":"closed","sticky":false,"template":"","format":"standard","meta":{"footnotes":""},"categories":[479,605,612,599,478],"tags":[10541],"class_list":["post-21615","post","type-post","status-publish","format-standard","has-post-thumbnail","","category-haberler-yerel","category-sayin-cumhurbaskani","category-yasama-kararnameler","category-yasama-ve-kanunlar","category-yerel","tag-din-egitim-programlarinin-hazirlanmasinda-hiristiyan-uzmanlar-da-yer-alacak-sam-cumhurbaskani-bessar-el-esad-bugun-okullarda-din-egitim-programlarini-hazirlayan-ulusal-egitim-programlarini-g"],"_links":{"self":[{"href":"https:\/\/archive.sana.sy\/tr\/index.php?rest_route=\/wp\/v2\/posts\/21615","targetHints":{"allow":["GET"]}}],"collection":[{"href":"https:\/\/archive.sana.sy\/tr\/index.php?rest_route=\/wp\/v2\/posts"}],"about":[{"href":"https:\/\/archive.sana.sy\/tr\/index.php?rest_route=\/wp\/v2\/types\/post"}],"author":[{"embeddable":true,"href":"https:\/\/archive.sana.sy\/tr\/index.php?rest_route=\/wp\/v2\/users\/1"}],"replies":[{"embeddable":true,"href":"https:\/\/archive.sana.sy\/tr\/index.php?rest_route=%2Fwp%2Fv2%2Fcomments&post=21615"}],"version-history":[{"count":0,"href":"https:\/\/archive.sana.sy\/tr\/index.php?rest_route=\/wp\/v2\/posts\/21615\/revisions"}],"wp:featuredmedia":[{"embeddable":true,"href":"https:\/\/archive.sana.sy\/tr\/index.php?rest_route=\/wp\/v2\/media\/9991"}],"wp:attachment":[{"href":"https:\/\/archive.sana.sy\/tr\/index.php?rest_route=%2Fwp%2Fv2%2Fmedia&parent=21615"}],"wp:term":[{"taxonomy":"category","embeddable":true,"href":"https:\/\/archive.sana.sy\/tr\/index.php?rest_route=%2Fwp%2Fv2%2Fcategories&post=21615"},{"taxonomy":"post_tag","embeddable":true,"href":"https:\/\/archive.sana.sy\/tr\/index.php?rest_route=%2Fwp%2Fv2%2Ftags&post=21615"}],"curies":[{"name":"wp","href":"https:\/\/api.w.org\/{rel}","templated":true}]}}