{"id":21648,"date":"2015-01-22T23:02:42","date_gmt":"2015-01-22T21:02:42","guid":{"rendered":"http:\/\/www.sana.sy\/tr\/?p=21648"},"modified":"2015-01-22T23:02:42","modified_gmt":"2015-01-22T21:02:42","slug":"merkez-bankasi-lira-degerini-korumak-icin-icraatlarini-surduruyor","status":"publish","type":"post","link":"https:\/\/archive.sana.sy\/tr\/?p=21648","title":{"rendered":"Merkez Bankas\u0131 Lira De\u011ferini Korumak \u0130\u00e7in \u0130craatlar\u0131n\u0131 S\u00fcrd\u00fcr\u00fcyor"},"content":{"rendered":"<p>\u015eAM \u2013 Merkez Bankas\u0131 Genel M\u00fcd\u00fcr\u00fc Edip Meyyale; piyasan\u0131n d\u00f6viz ihtiyac\u0131n\u0131n kar\u015f\u0131lanmas\u0131 ve lira de\u011ferinin korunmas\u0131 amac\u0131yla Merkez Bankas\u0131n\u0131n piyasaya d\u00f6viz s\u00fcrme icraatlar\u0131n\u0131n ba\u015flad\u0131\u011f\u0131n\u0131 ilan etti.<\/p>\n<p>Meyyale Merkez Bankas\u0131n\u0131n piyasada yeni geli\u015fmeler \u0131\u015f\u0131\u011f\u0131nda ticari ve gayr\u0131 ticari d\u00f6viz ihtiyac\u0131n\u0131n kapat\u0131lmas\u0131 amac\u0131yla 65 milyon dolar paran\u0131n a\u015famal\u0131 olarak piyasaya s\u00fcr\u00fclece\u011fini a\u00e7\u0131klad\u0131.<\/p>\n","protected":false},"excerpt":{"rendered":"<p>\u015eAM \u2013 Merkez Bankas\u0131 Genel M\u00fcd\u00fcr\u00fc Edip Meyyale; piyasan\u0131n d\u00f6viz ihtiyac\u0131n\u0131n kar\u015f\u0131lanmas\u0131 ve lira de\u011ferinin korunmas\u0131 amac\u0131yla Merkez Bankas\u0131n\u0131n piyasaya d\u00f6viz s\u00fcrme icraatlar\u0131n\u0131n ba\u015flad\u0131\u011f\u0131n\u0131 ilan etti. Meyyale Merkez Bankas\u0131n\u0131n piyasada yeni geli\u015fmeler \u0131\u015f\u0131\u011f\u0131nda ticari ve gayr\u0131 ticari d\u00f6viz ihtiyac\u0131n\u0131n kapat\u0131lmas\u0131 amac\u0131yla 65 milyon dolar paran\u0131n a\u015famal\u0131 olarak piyasaya s\u00fcr\u00fclece\u011fini a\u00e7\u0131klad\u0131.<\/p>\n","protected":false},"author":1,"featured_media":8873,"comment_status":"closed","ping_status":"closed","sticky":false,"template":"","format":"standard","meta":{"footnotes":""},"categories":[485,486],"tags":[],"class_list":["post-21648","post","type-post","status-publish","format-standard","has-post-thumbnail","","category-is-ve-sermaye","category-haberler-is-ve-sermaye"],"_links":{"self":[{"href":"https:\/\/archive.sana.sy\/tr\/index.php?rest_route=\/wp\/v2\/posts\/21648","targetHints":{"allow":["GET"]}}],"collection":[{"href":"https:\/\/archive.sana.sy\/tr\/index.php?rest_route=\/wp\/v2\/posts"}],"about":[{"href":"https:\/\/archive.sana.sy\/tr\/index.php?rest_route=\/wp\/v2\/types\/post"}],"author":[{"embeddable":true,"href":"https:\/\/archive.sana.sy\/tr\/index.php?rest_route=\/wp\/v2\/users\/1"}],"replies":[{"embeddable":true,"href":"https:\/\/archive.sana.sy\/tr\/index.php?rest_route=%2Fwp%2Fv2%2Fcomments&post=21648"}],"version-history":[{"count":0,"href":"https:\/\/archive.sana.sy\/tr\/index.php?rest_route=\/wp\/v2\/posts\/21648\/revisions"}],"wp:featuredmedia":[{"embeddable":true,"href":"https:\/\/archive.sana.sy\/tr\/index.php?rest_route=\/wp\/v2\/media\/8873"}],"wp:attachment":[{"href":"https:\/\/archive.sana.sy\/tr\/index.php?rest_route=%2Fwp%2Fv2%2Fmedia&parent=21648"}],"wp:term":[{"taxonomy":"category","embeddable":true,"href":"https:\/\/archive.sana.sy\/tr\/index.php?rest_route=%2Fwp%2Fv2%2Fcategories&post=21648"},{"taxonomy":"post_tag","embeddable":true,"href":"https:\/\/archive.sana.sy\/tr\/index.php?rest_route=%2Fwp%2Fv2%2Ftags&post=21648"}],"curies":[{"name":"wp","href":"https:\/\/api.w.org\/{rel}","templated":true}]}}