{"id":21653,"date":"2015-01-22T22:43:24","date_gmt":"2015-01-22T20:43:24","guid":{"rendered":"http:\/\/www.sana.sy\/tr\/?p=21653"},"modified":"2015-01-23T00:44:52","modified_gmt":"2015-01-22T22:44:52","slug":"insan-haklari-arastirmalari-istisare-merkezi-teror-saldirisini-kinadi","status":"publish","type":"post","link":"https:\/\/archive.sana.sy\/tr\/?p=21653","title":{"rendered":"\u0130nsan Haklar\u0131 Ara\u015ft\u0131rmalar\u0131 \u0130sti\u015fare Merkezi Ter\u00f6r Sald\u0131r\u0131s\u0131n\u0131 K\u0131nad\u0131"},"content":{"rendered":"<p>\u015eAM \u2013 Suriye \u0130nsan Haklar\u0131 Ara\u015ft\u0131rmalar\u0131 \u0130sti\u015fare Merkezi, d\u00fcn Homs kentinde \u0130krema Semtini hedef alan ter\u00f6r sald\u0131r\u0131s\u0131n\u0131 k\u0131nayarak ter\u00f6r sald\u0131r\u0131lar\u0131n\u0131n bu semti defalarca hedef almas\u0131n\u0131n semt sakinlerinin direni\u015fi ve dayan\u0131kl\u0131l\u0131\u011f\u0131n\u0131 b\u00fcy\u00fctece\u011fini belirtti.<\/p>\n<p>Bug\u00fcn bir beyan yay\u0131nlayan Merkez;\u00a0 bu sald\u0131r\u0131n\u0131n ter\u00f6r ile \u0130srail\u2019in el Emel Tar\u0131m Arazilerini hedef alan sald\u0131r\u0131lar\u0131 aras\u0131ndaki ba\u011flant\u0131y\u0131 ortaya koydu\u011funu ifade etti.<\/p>\n<p>Bilinece\u011fi \u00fczere d\u00fcn silahl\u0131 ter\u00f6r gruplar\u0131n\u0131n \u0130krema semtinde d\u00fczenledi\u011fi sald\u0131r\u0131s\u0131 sonucu 6 vatanda\u015f hayat\u0131n\u0131 kaybetmi\u015fti.<\/p>\n","protected":false},"excerpt":{"rendered":"<p>\u015eAM \u2013 Suriye \u0130nsan Haklar\u0131 Ara\u015ft\u0131rmalar\u0131 \u0130sti\u015fare Merkezi, d\u00fcn Homs kentinde \u0130krema Semtini hedef alan ter\u00f6r sald\u0131r\u0131s\u0131n\u0131 k\u0131nayarak ter\u00f6r sald\u0131r\u0131lar\u0131n\u0131n bu semti defalarca hedef almas\u0131n\u0131n semt sakinlerinin direni\u015fi ve dayan\u0131kl\u0131l\u0131\u011f\u0131n\u0131 b\u00fcy\u00fctece\u011fini belirtti. Bug\u00fcn bir beyan yay\u0131nlayan Merkez;\u00a0 bu sald\u0131r\u0131n\u0131n ter\u00f6r ile \u0130srail\u2019in el Emel Tar\u0131m Arazilerini hedef alan sald\u0131r\u0131lar\u0131 aras\u0131ndaki ba\u011flant\u0131y\u0131 ortaya koydu\u011funu ifade etti. &hellip;<\/p>\n","protected":false},"author":1,"featured_media":21560,"comment_status":"closed","ping_status":"closed","sticky":false,"template":"","format":"standard","meta":{"footnotes":""},"categories":[479,575,478],"tags":[10564,10563],"class_list":["post-21653","post","type-post","status-publish","format-standard","has-post-thumbnail","","category-haberler-yerel","category-olaylar-ve-gercekler","category-yerel","tag-dun-homs-kentinde-ikrema-semtini-hedef-alan-teror-saldirisini-kinayarak-teror-saldirilarinin-bu-semti-defalarca-hedef-almasinin-semt-sakinlerinin-direnisi-ve-dayanikliligini-buyutecegini-belirtti-bug","tag-insan-haklari-arastirmalari-istisare-merkezi-teror-saldirisini-kinadi-sam-suriye-insan-haklari-arastirmalari-istisare-merkezi"],"_links":{"self":[{"href":"https:\/\/archive.sana.sy\/tr\/index.php?rest_route=\/wp\/v2\/posts\/21653","targetHints":{"allow":["GET"]}}],"collection":[{"href":"https:\/\/archive.sana.sy\/tr\/index.php?rest_route=\/wp\/v2\/posts"}],"about":[{"href":"https:\/\/archive.sana.sy\/tr\/index.php?rest_route=\/wp\/v2\/types\/post"}],"author":[{"embeddable":true,"href":"https:\/\/archive.sana.sy\/tr\/index.php?rest_route=\/wp\/v2\/users\/1"}],"replies":[{"embeddable":true,"href":"https:\/\/archive.sana.sy\/tr\/index.php?rest_route=%2Fwp%2Fv2%2Fcomments&post=21653"}],"version-history":[{"count":0,"href":"https:\/\/archive.sana.sy\/tr\/index.php?rest_route=\/wp\/v2\/posts\/21653\/revisions"}],"wp:featuredmedia":[{"embeddable":true,"href":"https:\/\/archive.sana.sy\/tr\/index.php?rest_route=\/wp\/v2\/media\/21560"}],"wp:attachment":[{"href":"https:\/\/archive.sana.sy\/tr\/index.php?rest_route=%2Fwp%2Fv2%2Fmedia&parent=21653"}],"wp:term":[{"taxonomy":"category","embeddable":true,"href":"https:\/\/archive.sana.sy\/tr\/index.php?rest_route=%2Fwp%2Fv2%2Fcategories&post=21653"},{"taxonomy":"post_tag","embeddable":true,"href":"https:\/\/archive.sana.sy\/tr\/index.php?rest_route=%2Fwp%2Fv2%2Ftags&post=21653"}],"curies":[{"name":"wp","href":"https:\/\/api.w.org\/{rel}","templated":true}]}}