{"id":21655,"date":"2015-01-22T23:59:33","date_gmt":"2015-01-22T21:59:33","guid":{"rendered":"http:\/\/www.sana.sy\/tr\/?p=21655"},"modified":"2015-01-23T00:48:58","modified_gmt":"2015-01-22T22:48:58","slug":"laricani-washington-koalisyonu-bir-gosteristen-ibaret","status":"publish","type":"post","link":"https:\/\/archive.sana.sy\/tr\/?p=21655","title":{"rendered":"Laricani: Washington Koalisyonu Bir G\u00f6steri\u015ften  \u0130baret"},"content":{"rendered":"<p>TAHRAN \u2013 \u0130ran \u015eura Meclisi Ali Laricani, \u0130\u015e\u0130D ter\u00f6r \u00f6rg\u00fct\u00fcne kar\u015f\u0131 sava\u015fan Washington Koalisyonun bir g\u00f6steri\u015ften ibaret oldu\u011funu ifade etti.<\/p>\n<p>T\u00fcrkiye\u2019de \u0130slam Devletleri Parlamentolar\u0131 Birli\u011fi 10. Toplant\u0131s\u0131 \u00e7er\u00e7evesinde \u00dcrd\u00fcn Milletvekili Meclisi Ba\u015fkan\u0131 At\u0131f el Taravani ile bir araya gelen Laricani; \u0130\u015e\u0130D ter\u00f6r \u00f6rg\u00fct\u00fcne kar\u015f\u0131 40 \u00fclkeyi kapsayan ABD koalisyonunun \u00f6zel hi\u00e7bir ba\u015far\u0131 sa\u011flad\u0131\u011f\u0131na dikkat \u00e7ekti.<\/p>\n<p>Laricani \u00dclkede ya\u015fanan olaylarla ilgili \u00dcrd\u00fcn\u2019\u00fcn olumlu bir rol \u00fcstlenmeye ba\u015flamas\u0131n\u0131n \u00f6nemine vurgu yapt\u0131.<\/p>\n","protected":false},"excerpt":{"rendered":"<p>TAHRAN \u2013 \u0130ran \u015eura Meclisi Ali Laricani, \u0130\u015e\u0130D ter\u00f6r \u00f6rg\u00fct\u00fcne kar\u015f\u0131 sava\u015fan Washington Koalisyonun bir g\u00f6steri\u015ften ibaret oldu\u011funu ifade etti. T\u00fcrkiye\u2019de \u0130slam Devletleri Parlamentolar\u0131 Birli\u011fi 10. Toplant\u0131s\u0131 \u00e7er\u00e7evesinde \u00dcrd\u00fcn Milletvekili Meclisi Ba\u015fkan\u0131 At\u0131f el Taravani ile bir araya gelen Laricani; \u0130\u015e\u0130D ter\u00f6r \u00f6rg\u00fct\u00fcne kar\u015f\u0131 40 \u00fclkeyi kapsayan ABD koalisyonunun \u00f6zel hi\u00e7bir ba\u015far\u0131 sa\u011flad\u0131\u011f\u0131na dikkat \u00e7ekti. &hellip;<\/p>\n","protected":false},"author":1,"featured_media":10731,"comment_status":"closed","ping_status":"closed","sticky":false,"template":"","format":"standard","meta":{"footnotes":""},"categories":[458,459,447],"tags":[10566,10565],"class_list":["post-21655","post","type-post","status-publish","format-standard","has-post-thumbnail","","category-dunya1","category-haberler-arap-uluslararasi-politika","category-politika","tag-isid-teror-orgutune-karsi-savasan-washington-koalisyonun-bir-gosteristen-ibaret-oldugunu-ifade-etti-turkiyede-islam-devletleri-parlamentolari-birligi-10-toplantisi-cercevesinde-urdun-millet","tag-laricani-washington-koalisyonu-bir-gosteristen-ibaret-tahran-iran-sura-meclisi-ali-laricani"],"_links":{"self":[{"href":"https:\/\/archive.sana.sy\/tr\/index.php?rest_route=\/wp\/v2\/posts\/21655","targetHints":{"allow":["GET"]}}],"collection":[{"href":"https:\/\/archive.sana.sy\/tr\/index.php?rest_route=\/wp\/v2\/posts"}],"about":[{"href":"https:\/\/archive.sana.sy\/tr\/index.php?rest_route=\/wp\/v2\/types\/post"}],"author":[{"embeddable":true,"href":"https:\/\/archive.sana.sy\/tr\/index.php?rest_route=\/wp\/v2\/users\/1"}],"replies":[{"embeddable":true,"href":"https:\/\/archive.sana.sy\/tr\/index.php?rest_route=%2Fwp%2Fv2%2Fcomments&post=21655"}],"version-history":[{"count":0,"href":"https:\/\/archive.sana.sy\/tr\/index.php?rest_route=\/wp\/v2\/posts\/21655\/revisions"}],"wp:featuredmedia":[{"embeddable":true,"href":"https:\/\/archive.sana.sy\/tr\/index.php?rest_route=\/wp\/v2\/media\/10731"}],"wp:attachment":[{"href":"https:\/\/archive.sana.sy\/tr\/index.php?rest_route=%2Fwp%2Fv2%2Fmedia&parent=21655"}],"wp:term":[{"taxonomy":"category","embeddable":true,"href":"https:\/\/archive.sana.sy\/tr\/index.php?rest_route=%2Fwp%2Fv2%2Fcategories&post=21655"},{"taxonomy":"post_tag","embeddable":true,"href":"https:\/\/archive.sana.sy\/tr\/index.php?rest_route=%2Fwp%2Fv2%2Ftags&post=21655"}],"curies":[{"name":"wp","href":"https:\/\/api.w.org\/{rel}","templated":true}]}}