{"id":216572,"date":"2020-08-25T15:53:54","date_gmt":"2020-08-25T12:53:54","guid":{"rendered":"http:\/\/www.sana.sy\/tr\/?p=216572"},"modified":"2020-08-26T15:21:26","modified_gmt":"2020-08-26T12:21:26","slug":"esad-kabineyi-kurmasi-icin-muh-arnusu-gorevlendirdi","status":"publish","type":"post","link":"https:\/\/archive.sana.sy\/tr\/?p=216572","title":{"rendered":"Esad Kabineyi Kurmas\u0131 \u0130\u00e7in M\u00fch. Arnus&#8217;u G\u00f6revlendirdi"},"content":{"rendered":"<p style=\"text-align: justify;\">\u015eAM &#8211; Cumhurba\u015fkan\u0131 Be\u015f\u015far Esad, Suriye Arap Cumhuriyeti&#8217;nde kabineyi kurmas\u0131 i\u00e7in m\u00fchendis H\u00fcseyin Arnus&#8217;u g\u00f6revlendiren 2020 y\u0131l\u0131 210 say\u0131l\u0131 Kararnameyi yay\u0131mlad\u0131.<\/p>\n<p style=\"text-align: justify;\">1953 y\u0131l\u0131nda \u0130dlib&#8217;de do\u011fan m\u00fchendis Arnous, 1978&#8217;de Halep \u00dcniversitesi \u0130n\u015faat M\u00fchendisli\u011fi Fak\u00fcltesi&#8217;nden mezun oldu, 1989-1994&#8217;te \u0130dlib&#8217;deki M\u00fchendisler Sendikas\u0131 \u015fubesinin ba\u015fkanl\u0131\u011f\u0131n\u0131, 1992-2002 y\u0131llar\u0131 aras\u0131nda Yollar Genel M\u00fcd\u00fcrl\u00fc\u011f\u00fc&#8217;n\u00fcn ba\u015fkanl\u0131\u011f\u0131n\u0131, 2002-2004 y\u0131llar\u0131 aras\u0131nda Ula\u015ft\u0131rma Bakan yard\u0131mc\u0131l\u0131\u011f\u0131n\u0131, 2004-2009 y\u0131llar\u0131 aras\u0131nda Karayolu Kamu Ta\u015f\u0131mac\u0131l\u0131\u011f\u0131 Kurumu Genel M\u00fcd\u00fcr\u00fc, 2009-2011 y\u0131llar\u0131 aras\u0131nda Deyrezzor valisi, 2011&#8217;de Kunaytra valisi, 2013&#8217;ten\u00a0 2018&#8217;e kadar Bay\u0131nd\u0131rl\u0131k ve \u0130skan Bakan\u0131, 2013&#8217;ten beri Sosyalist Arap Baas Partisi&#8217;nin merkezi komutanl\u0131k \u00fcyesi ve 2018&#8217;den beri Su Kaynaklar\u0131 Bakan\u0131 olarak g\u00f6revlerde bulundu.<\/p>\n","protected":false},"excerpt":{"rendered":"<p>\u015eAM &#8211; Cumhurba\u015fkan\u0131 Be\u015f\u015far Esad, Suriye Arap Cumhuriyeti&#8217;nde kabineyi kurmas\u0131 i\u00e7in m\u00fchendis H\u00fcseyin Arnus&#8217;u g\u00f6revlendiren 2020 y\u0131l\u0131 210 say\u0131l\u0131 Kararnameyi yay\u0131mlad\u0131. 1953 y\u0131l\u0131nda \u0130dlib&#8217;de do\u011fan m\u00fchendis Arnous, 1978&#8217;de Halep \u00dcniversitesi \u0130n\u015faat M\u00fchendisli\u011fi Fak\u00fcltesi&#8217;nden mezun oldu, 1989-1994&#8217;te \u0130dlib&#8217;deki M\u00fchendisler Sendikas\u0131 \u015fubesinin ba\u015fkanl\u0131\u011f\u0131n\u0131, 1992-2002 y\u0131llar\u0131 aras\u0131nda Yollar Genel M\u00fcd\u00fcrl\u00fc\u011f\u00fc&#8217;n\u00fcn ba\u015fkanl\u0131\u011f\u0131n\u0131, 2002-2004 y\u0131llar\u0131 aras\u0131nda Ula\u015ft\u0131rma Bakan yard\u0131mc\u0131l\u0131\u011f\u0131n\u0131, 2004-2009 &hellip;<\/p>\n","protected":false},"author":1,"featured_media":216585,"comment_status":"closed","ping_status":"closed","sticky":false,"template":"","format":"standard","meta":{"footnotes":""},"categories":[479,605,17988,612,478],"tags":[],"class_list":["post-216572","post","type-post","status-publish","format-standard","has-post-thumbnail","","category-haberler-yerel","category-sayin-cumhurbaskani","category-son-haberler","category-yasama-kararnameler","category-yerel"],"_links":{"self":[{"href":"https:\/\/archive.sana.sy\/tr\/index.php?rest_route=\/wp\/v2\/posts\/216572","targetHints":{"allow":["GET"]}}],"collection":[{"href":"https:\/\/archive.sana.sy\/tr\/index.php?rest_route=\/wp\/v2\/posts"}],"about":[{"href":"https:\/\/archive.sana.sy\/tr\/index.php?rest_route=\/wp\/v2\/types\/post"}],"author":[{"embeddable":true,"href":"https:\/\/archive.sana.sy\/tr\/index.php?rest_route=\/wp\/v2\/users\/1"}],"replies":[{"embeddable":true,"href":"https:\/\/archive.sana.sy\/tr\/index.php?rest_route=%2Fwp%2Fv2%2Fcomments&post=216572"}],"version-history":[{"count":0,"href":"https:\/\/archive.sana.sy\/tr\/index.php?rest_route=\/wp\/v2\/posts\/216572\/revisions"}],"wp:featuredmedia":[{"embeddable":true,"href":"https:\/\/archive.sana.sy\/tr\/index.php?rest_route=\/wp\/v2\/media\/216585"}],"wp:attachment":[{"href":"https:\/\/archive.sana.sy\/tr\/index.php?rest_route=%2Fwp%2Fv2%2Fmedia&parent=216572"}],"wp:term":[{"taxonomy":"category","embeddable":true,"href":"https:\/\/archive.sana.sy\/tr\/index.php?rest_route=%2Fwp%2Fv2%2Fcategories&post=216572"},{"taxonomy":"post_tag","embeddable":true,"href":"https:\/\/archive.sana.sy\/tr\/index.php?rest_route=%2Fwp%2Fv2%2Ftags&post=216572"}],"curies":[{"name":"wp","href":"https:\/\/api.w.org\/{rel}","templated":true}]}}