{"id":216678,"date":"2020-08-27T15:12:12","date_gmt":"2020-08-27T12:12:12","guid":{"rendered":"http:\/\/www.sana.sy\/tr\/?p=216678"},"modified":"2020-08-28T15:35:38","modified_gmt":"2020-08-28T12:35:38","slug":"arnus-ve-zade-gorusmesinde-ekonomik-iliskilere-odaklandi","status":"publish","type":"post","link":"https:\/\/archive.sana.sy\/tr\/?p=216678","title":{"rendered":"Arnus ve Zade G\u00f6r\u00fc\u015fmesi Ekonomik \u0130li\u015fkilere Odaklad\u0131"},"content":{"rendered":"<p>\u015eAM \u2013 Ba\u015fbakan Huseyn Arnus bug\u00fcn \u0130ran Savunma Bakan\u0131 Yard\u0131mc\u0131s\u0131 \u0130brahim Mahmud Zade\u2019yi ve e\u015fli\u011findeki heyetini kabul etti.<\/p>\n<p><a href=\"http:\/\/www.sana.sy\/tr\/wp-content\/uploads\/2020\/08\/21-36.jpg\"><img loading=\"lazy\" decoding=\"async\" class=\"alignright size-medium wp-image-216685\" src=\"http:\/\/www.sana.sy\/tr\/wp-content\/uploads\/2020\/08\/21-36-300x182.jpg\" alt=\"\" width=\"300\" height=\"182\" srcset=\"https:\/\/archive.sana.sy\/tr\/wp-content\/uploads\/2020\/08\/21-36-300x182.jpg 300w, https:\/\/archive.sana.sy\/tr\/wp-content\/uploads\/2020\/08\/21-36-150x91.jpg 150w, https:\/\/archive.sana.sy\/tr\/wp-content\/uploads\/2020\/08\/21-36.jpg 660w\" sizes=\"auto, (max-width: 300px) 100vw, 300px\" \/><\/a>G\u00f6r\u00fc\u015fmede Suriye ve \u0130ran aras\u0131ndaki ili\u015fkilerini geli\u015ftirmesi kapsam\u0131nda konut banliy\u00f6leri ve su tuzdan ar\u0131nd\u0131rma tesislerinin h\u0131zl\u0131 in\u015fas\u0131 alan\u0131nda, elektrik, su kaynaklar\u0131, petrol, teknik e\u011fitim ve rehabilitasyon alanlar\u0131nda i\u015fbirli\u011fine daha geni\u015f ufuklar a\u00e7mas\u0131 ve iki taraf aras\u0131nda imzalanan anla\u015fma ve mutabakat zaptlar\u0131n\u0131n uygulanmas\u0131n\u0131n \u00f6n\u00fcndeki engellerin a\u015f\u0131lmas\u0131yla ilgili konular masaya yat\u0131r\u0131ld\u0131. Bu ba\u011flamda bahsedilen alanlardaki \u0130ran&#8217;\u0131n deneyiminden faydalanma imkan\u0131na i\u015faret edildi.<\/p>\n<p>Ba\u015fbakan Arnus; iki \u00fclkenin ve halklar\u0131n\u0131n \u00e7\u0131karlar\u0131na ula\u015fmak i\u00e7in Suriye ve \u0130ran aras\u0131ndaki ekonomik ili\u015fkilerini, iki \u00fclkenin liderli\u011finin y\u00f6nlendirmelerine uygun olarak siyasi alan\u0131ndaki stratejik seviyesine ula\u015ft\u0131rmak i\u00e7in ortak \u00e7al\u0131\u015fmalar\u0131n\u0131n s\u00fcrd\u00fcr\u00fclmesi \u00f6nemini vurgulad\u0131.<\/p>\n<p>\u00d6te yandan Mahmud Zade Ba\u015fbakan Arnus\u2019a h\u00fck\u00fcmet kurma g\u00f6revine atanmas\u0131 m\u00fcnasebetiyle tebriklerini ifade ederken, Suriye ve \u0130ran aras\u0131ndaki farkl\u0131 alanlardaki ili\u015fkilerinin derinli\u011fini do\u011frulad\u0131. Mahmud Zade; iki taraf aras\u0131ndaki ekonomi ve yat\u0131r\u0131m alanlardaki ikili koordinasyonu art\u0131rma \u00f6nemine vurgu yapt\u0131.<\/p>\n<p>\u00c7eviri: P.M.<\/p>\n<div id='gallery-1' class='gallery galleryid-216678 gallery-columns-1 gallery-size-full'><figure class='gallery-item'>\n\t\t\t<div class='gallery-icon landscape'>\n\t\t\t\t<a href='https:\/\/archive.sana.sy\/tr\/wp-content\/uploads\/2020\/08\/22-38.jpg'><img loading=\"lazy\" decoding=\"async\" width=\"660\" height=\"376\" src=\"https:\/\/archive.sana.sy\/tr\/wp-content\/uploads\/2020\/08\/22-38.jpg\" class=\"attachment-full size-full\" alt=\"\" srcset=\"https:\/\/archive.sana.sy\/tr\/wp-content\/uploads\/2020\/08\/22-38.jpg 660w, https:\/\/archive.sana.sy\/tr\/wp-content\/uploads\/2020\/08\/22-38-300x171.jpg 300w, https:\/\/archive.sana.sy\/tr\/wp-content\/uploads\/2020\/08\/22-38-150x85.jpg 150w\" sizes=\"auto, (max-width: 660px) 100vw, 660px\" \/><\/a>\n\t\t\t<\/div><\/figure>\n\t\t<\/div>\n\n","protected":false},"excerpt":{"rendered":"<p>\u015eAM \u2013 Ba\u015fbakan Huseyn Arnus bug\u00fcn \u0130ran Savunma Bakan\u0131 Yard\u0131mc\u0131s\u0131 \u0130brahim Mahmud Zade\u2019yi ve e\u015fli\u011findeki heyetini kabul etti. G\u00f6r\u00fc\u015fmede Suriye ve \u0130ran aras\u0131ndaki ili\u015fkilerini geli\u015ftirmesi kapsam\u0131nda konut banliy\u00f6leri ve su tuzdan ar\u0131nd\u0131rma tesislerinin h\u0131zl\u0131 in\u015fas\u0131 alan\u0131nda, elektrik, su kaynaklar\u0131, petrol, teknik e\u011fitim ve rehabilitasyon alanlar\u0131nda i\u015fbirli\u011fine daha geni\u015f ufuklar a\u00e7mas\u0131 ve iki taraf aras\u0131nda imzalanan &hellip;<\/p>\n","protected":false},"author":1,"featured_media":216684,"comment_status":"closed","ping_status":"closed","sticky":false,"template":"","format":"standard","meta":{"footnotes":""},"categories":[485,596,486,479,17988,478],"tags":[],"class_list":["post-216678","post","type-post","status-publish","format-standard","has-post-thumbnail","","category-is-ve-sermaye","category-fotografli-raporlar","category-haberler-is-ve-sermaye","category-haberler-yerel","category-son-haberler","category-yerel"],"_links":{"self":[{"href":"https:\/\/archive.sana.sy\/tr\/index.php?rest_route=\/wp\/v2\/posts\/216678","targetHints":{"allow":["GET"]}}],"collection":[{"href":"https:\/\/archive.sana.sy\/tr\/index.php?rest_route=\/wp\/v2\/posts"}],"about":[{"href":"https:\/\/archive.sana.sy\/tr\/index.php?rest_route=\/wp\/v2\/types\/post"}],"author":[{"embeddable":true,"href":"https:\/\/archive.sana.sy\/tr\/index.php?rest_route=\/wp\/v2\/users\/1"}],"replies":[{"embeddable":true,"href":"https:\/\/archive.sana.sy\/tr\/index.php?rest_route=%2Fwp%2Fv2%2Fcomments&post=216678"}],"version-history":[{"count":0,"href":"https:\/\/archive.sana.sy\/tr\/index.php?rest_route=\/wp\/v2\/posts\/216678\/revisions"}],"wp:featuredmedia":[{"embeddable":true,"href":"https:\/\/archive.sana.sy\/tr\/index.php?rest_route=\/wp\/v2\/media\/216684"}],"wp:attachment":[{"href":"https:\/\/archive.sana.sy\/tr\/index.php?rest_route=%2Fwp%2Fv2%2Fmedia&parent=216678"}],"wp:term":[{"taxonomy":"category","embeddable":true,"href":"https:\/\/archive.sana.sy\/tr\/index.php?rest_route=%2Fwp%2Fv2%2Fcategories&post=216678"},{"taxonomy":"post_tag","embeddable":true,"href":"https:\/\/archive.sana.sy\/tr\/index.php?rest_route=%2Fwp%2Fv2%2Ftags&post=216678"}],"curies":[{"name":"wp","href":"https:\/\/api.w.org\/{rel}","templated":true}]}}