{"id":216768,"date":"2020-08-27T20:41:26","date_gmt":"2020-08-27T17:41:26","guid":{"rendered":"http:\/\/www.sana.sy\/tr\/?p=216768"},"modified":"2020-08-27T21:00:25","modified_gmt":"2020-08-27T18:00:25","slug":"haseke-valisi-gassan-halil-turk-rejimi-uzerine-parlamentolar-ve-uluslararasi-baskilari-ve-suriyenin-cabalarindan-sonra-icme-suyu-aluk-istasyondan-haseke-kentine-dogru-ulasmaya-basladi-2","status":"publish","type":"post","link":"https:\/\/archive.sana.sy\/tr\/?p=216768","title":{"rendered":"Haseke Valisi \u011eassan Halil: T\u00fcrk rejimine y\u00f6nelik parlamentolar\u0131n ve uluslararas\u0131 bask\u0131larla Suriye\u2019nin \u00e7abalar\u0131ndan sonra i\u00e7me suyu Alluk \u0130stasyonundan Haseke Kentine do\u011fru ula\u015fmaya ba\u015flad\u0131."},"content":{"rendered":"<p>Haseke Valisi \u011eassan Halil: T\u00fcrk rejimine y\u00f6nelik parlamentolar\u0131n ve uluslararas\u0131 bask\u0131larla Suriye\u2019nin \u00e7abalar\u0131ndan sonra i\u00e7me suyu Alluk \u0130stasyonundan Haseke Kentine do\u011fru ula\u015fmaya ba\u015flad\u0131.<\/p>\n","protected":false},"excerpt":{"rendered":"<p>Haseke Valisi \u011eassan Halil: T\u00fcrk rejimine y\u00f6nelik parlamentolar\u0131n ve uluslararas\u0131 bask\u0131larla Suriye\u2019nin \u00e7abalar\u0131ndan sonra i\u00e7me suyu Alluk \u0130stasyonundan Haseke Kentine do\u011fru ula\u015fmaya ba\u015flad\u0131.<\/p>\n","protected":false},"author":1,"featured_media":0,"comment_status":"closed","ping_status":"closed","sticky":false,"template":"","format":"standard","meta":{"footnotes":""},"categories":[17991],"tags":[],"class_list":["post-216768","post","type-post","status-publish","format-standard","","category-son-dakika"],"_links":{"self":[{"href":"https:\/\/archive.sana.sy\/tr\/index.php?rest_route=\/wp\/v2\/posts\/216768","targetHints":{"allow":["GET"]}}],"collection":[{"href":"https:\/\/archive.sana.sy\/tr\/index.php?rest_route=\/wp\/v2\/posts"}],"about":[{"href":"https:\/\/archive.sana.sy\/tr\/index.php?rest_route=\/wp\/v2\/types\/post"}],"author":[{"embeddable":true,"href":"https:\/\/archive.sana.sy\/tr\/index.php?rest_route=\/wp\/v2\/users\/1"}],"replies":[{"embeddable":true,"href":"https:\/\/archive.sana.sy\/tr\/index.php?rest_route=%2Fwp%2Fv2%2Fcomments&post=216768"}],"version-history":[{"count":0,"href":"https:\/\/archive.sana.sy\/tr\/index.php?rest_route=\/wp\/v2\/posts\/216768\/revisions"}],"wp:attachment":[{"href":"https:\/\/archive.sana.sy\/tr\/index.php?rest_route=%2Fwp%2Fv2%2Fmedia&parent=216768"}],"wp:term":[{"taxonomy":"category","embeddable":true,"href":"https:\/\/archive.sana.sy\/tr\/index.php?rest_route=%2Fwp%2Fv2%2Fcategories&post=216768"},{"taxonomy":"post_tag","embeddable":true,"href":"https:\/\/archive.sana.sy\/tr\/index.php?rest_route=%2Fwp%2Fv2%2Ftags&post=216768"}],"curies":[{"name":"wp","href":"https:\/\/api.w.org\/{rel}","templated":true}]}}