{"id":216773,"date":"2020-08-27T22:00:25","date_gmt":"2020-08-27T19:00:25","guid":{"rendered":"http:\/\/www.sana.sy\/tr\/?p=216773"},"modified":"2020-08-28T14:40:06","modified_gmt":"2020-08-28T11:40:06","slug":"turk-rejimi-haseke-ahalisine-karsi-su-silahini-kullanmaya-devam-ediyor-bm-bu-suca-karsi-acilen-harekete-gecmelidir","status":"publish","type":"post","link":"https:\/\/archive.sana.sy\/tr\/?p=216773","title":{"rendered":"T\u00fcrk Rejimi Haseke Ahalisine Kar\u015f\u0131 Su Silah\u0131n\u0131 Kullanmaya Devam Ediyor BM Bu Su\u00e7a Kar\u015f\u0131 Acilen Harekete Ge\u00e7melidir"},"content":{"rendered":"<p>NEW YORK &#8211; Suriye&#8217;nin Birle\u015fmi\u015f Milletler Daimi Temsilcisi Dr. Be\u015f\u015far Caferi, T\u00fcrk rejiminin, topraklar\u0131n\u0131n i\u015fgal edilmesini reddetmeleri nedeniyle Haseke ilindeki halka kar\u015f\u0131 bir sava\u015f silah\u0131 olarak i\u00e7me suyunu kullanmaya devam etti\u011fini belirterek, Haseke ahalisinin suyunu kesmenin bir sava\u015f su\u00e7u ve uluslararas\u0131 insanc\u0131l hukuka g\u00f6re bir insanl\u0131k su\u00e7u olu\u015fturdu\u011funa dikkat \u00e7ekerek, Birle\u015fmi\u015f Milletlerin Haseke&#8217;deki i\u015fgaline son vermek ve halk\u0131n ac\u0131lar\u0131n\u0131 sona erdirmek i\u00e7in acilen harekete ge\u00e7mesini \u015fart ko\u015fuyor.<\/p>\n<p>G\u00fcvenlik Konseyi&#8217;nin bug\u00fcn Suriye&#8217;deki insani durumla ilgili bir oturumunda Caferi, El Cezire b\u00f6lgesindeki halk\u0131n ac\u0131lar\u0131n\u0131n, ter\u00f6r \u00f6rg\u00fct\u00fc &#8220;I\u015e\u0130D&#8221; in su\u00e7 uygulamalar\u0131 veya yasad\u0131\u015f\u0131 &#8220;uluslararas\u0131 koalisyon&#8221; su\u00e7lar\u0131 sonucu etkilendikleriyle s\u0131n\u0131rl\u0131 olmad\u0131\u011f\u0131n\u0131 bilakis Amerikan ve T\u00fcrk i\u015fgallerinin i\u015fledikleri su\u00e7lar ve ayr\u0131l\u0131k\u00e7\u0131 milislerle ter\u00f6r \u00f6rg\u00fctlerinden edatlar\u0131n\u0131n i\u015fledikleri su\u00e7lar sonucu nicelik ve nitelik olarak a\u011f\u0131rla\u015ft\u0131\u011f\u0131na ve G\u00fcvenlik Konseyi&#8217;ne \u00fcye baz\u0131 devletlerin h\u00fck\u00fcmetlerinin Suriye&#8217;deki insani durumla ge\u00e7ti\u011fimiz y\u0131llarda bariz bir se\u00e7icilikle karakterize edilerek \u00a0ilgilendi\u011fine, se\u00e7ici oldu\u011funa ve onlar\u0131 kontrol eden ter\u00f6rist \u00f6rg\u00fctlerin kal\u0131nt\u0131lar\u0131n\u0131 korumak ve Suriye Arap Ordusu ve m\u00fcttefiklerinin onlar\u0131 ter\u00f6rizmden kurtarmas\u0131n\u0131 \u00f6nlemek i\u00e7in belirli b\u00f6lgelere siyasalla\u015ft\u0131r\u0131lm\u0131\u015f odaklanmas\u0131n\u0131n yan\u0131 s\u0131ra, Suriyelilerin Amerikan ve T\u00fcrk i\u015fgalleri alt\u0131nda ya\u015fad\u0131klar\u0131 feci insani ko\u015fullar\u0131 ihmal etmesiyle de kan\u0131tland\u0131\u011f\u0131na dikkat \u00e7ekti.<\/p>\n<p>Caferi, Haseke kenti ve \u00e7evresinde bir milyondan fazla Suriyeli sivilin, T\u00fcrk rejiminin i\u015fledi\u011fi su\u00e7larda \u0131srar etmesi, kad\u0131n, \u00e7ocuk ve ya\u015fl\u0131lar da dahil olmak \u00fczere kent halk\u0131n\u0131 i\u015fgal ve i\u015fgale ba\u011fl\u0131 olmay\u0131 reddetmeleri nedeniyle cezaland\u0131rmak i\u00e7in bir sava\u015f silah\u0131 olarak kullanmas\u0131 nedeniyle 20 g\u00fcnden fazla s\u00fcredir susuz ve sudsn mshrum etme ile kar\u015f\u0131 kar\u015f\u0131ya kald\u0131\u011f\u0131na i\u015faret ederek, T\u00fcrk i\u015fgal g\u00fc\u00e7leri ve ter\u00f6r \u00f6rg\u00fctlerinin, Amerikan y\u00f6netiminin ve edatlar\u0131n\u0131n da onay\u0131yla Alluk istasyonundan ve onu besleyen kuyulardan 16 defadan fazla ve farkl\u0131 d\u00f6nemler i\u00e7inde su pompalamay\u0131 durdurduklar\u0131n\u0131, bu durumun Haseke&#8217;deki halk\u0131m\u0131z\u0131n s\u0131cak iklim ko\u015fullar\u0131 ve korona salg\u0131n\u0131n yay\u0131lmas\u0131na ba\u011fl\u0131 sa\u011fl\u0131k tehditleri \u0131\u015f\u0131\u011f\u0131nda a\u015f\u0131r\u0131 susuzlu\u011fa maruz kalmas\u0131na neden oldu\u011funu ifade etti.<\/p>\n<p>Caferi, Suriye\u2019nin BM Genel Sekreteri\u2019nin mesajlar\u0131m\u0131za cevaben halk\u0131m\u0131z\u0131n ya\u015fad\u0131\u011f\u0131 ac\u0131lar\u0131 sona erdirmek ve sular\u0131n yeniden pompalanmas\u0131 i\u00e7in harcad\u0131\u011f\u0131 \u00e7abalar\u0131ndan dolay\u0131 \u015f\u00fckranlar\u0131n\u0131 sundu\u011fu bir anda, T\u00fcrk rejiminin ve edatlar\u0131n\u0131n acilen cevap vermemelerini k\u0131nad\u0131\u011f\u0131n\u0131 s\u00f6yledi.<\/p>\n<p>Caferi, Alluk istasyonunun bir milyondan fazla Suriyeli sivile i\u00e7me suyu sa\u011flayan sivil bir tesis oldu\u011funu, buray\u0131 bombalaman\u0131n veya su kayna\u011f\u0131n\u0131n kesilmesinin barbarca bir eylem, bir sava\u015f su\u00e7u ve sava\u015f zamanlar\u0131nda sivillerin stat\u00fcs\u00fcne ili\u015fkin Cenevre S\u00f6zle\u015fmeleri de dahil olmak \u00fczere uluslararas\u0131 insani hukuk kapsam\u0131nda insanl\u0131\u011fa kar\u015f\u0131 bir su\u00e7 oldu\u011funu belirterek, BM&#8217;den bu i\u015fgale son vermek ve Haseke halk\u0131n\u0131n varl\u0131\u011f\u0131ndan, susuzluk ve sudan mahurm edilmekten \u00e7ekti\u011fi ac\u0131y\u0131 sona erdirmek i\u00e7in acilen harekete ge\u00e7mesi gerekti\u011fini vurgulad\u0131.<\/p>\n<p>Caferi, e\u011fer Lowcock \u00f6nyarg\u0131l\u0131, profesyonel, nesnel ve inand\u0131r\u0131c\u0131 pozisyonlar almaktan aciz ise, G\u00fcvenlik Konseyi&#8217;ndeki s\u00f6zde &#8220;insani kalem kampanyas\u0131&#8221; sahiplerinin ni\u00e7in oturumlar d\u00fczenlemek ve en az\u0131ndan Erdo\u011fan&#8217;\u0131n sivil Alluk su istasyonunu hedef almas\u0131n\u0131 ve sivilleri cezaland\u0131rmak i\u00e7in bir silah olarak su kullanmas\u0131n\u0131 k\u0131nayan bir ba\u015fkanl\u0131k bildirisi kabul etmedi\u011fi sorusunu dile getirdi.<\/p>\n<p>Caferi, iki g\u00fcn \u00f6nce s\u00f6zde uluslararas\u0131 koalisyonun 1.377 sivili \u00f6ld\u00fcrme sorumlulu\u011funu kabul etti\u011fini ve elbette say\u0131lar\u0131n bu say\u0131y\u0131 defalarca a\u015ft\u0131\u011f\u0131n\u0131, ancak Almanya ve Bel\u00e7ika&#8217;n\u0131n G\u00fcvenlik Konseyi&#8217;nin insani kalem ta\u015f\u0131ma g\u00f6revinin verildi\u011fi ve b\u00f6ylece uluslararas\u0131 hukukun g\u00fcvenilir kuzuya emanet edildi\u011fi s\u00fcrece sorunun fark edilmeden ge\u00e7ece\u011fine i\u015faret ederek, Erdo\u011fan\u2019\u0131n, Suriye devletinin sivil ve hizmet yap\u0131lar\u0131n\u0131 ve kurumlar\u0131n\u0131 hedef alan ve yok etmeye dayanan Bat\u0131 plan\u0131n\u0131 uygulamak i\u00e7in ortak bir su\u00e7 ortakl\u0131\u011f\u0131 i\u00e7inde bu su\u00e7lar\u0131 tamamlamak i\u00e7in bug\u00fcn geldi\u011fine dikkat \u00e7ekti.<\/p>\n<p>Caferi, G\u00fcvenlik Konseyi&#8217;ne \u00fcye devletlerin baz\u0131 h\u00fck\u00fcmetlerinin, t\u0131pk\u0131 uluslararas\u0131 hukukun kendisinden \u00f6nce katledildi\u011fi gibi, Suriye&#8217;ye y\u00f6nelik politikalar\u0131nda uluslararas\u0131 insanc\u0131l hukuku katletti\u011fini ve bu konseyin \u00f6n\u00fcnde, baz\u0131 \u00fcye devletlerin hala tutunup savunduklar\u0131 \u015eart&#8217;\u0131n h\u00fck\u00fcmleri d\u0131\u015f\u0131nda hi\u00e7bir \u015feyin kalmad\u0131\u011f\u0131n\u0131 a\u00e7\u0131klad\u0131.<\/p>\n","protected":false},"excerpt":{"rendered":"<p>NEW YORK &#8211; Suriye&#8217;nin Birle\u015fmi\u015f Milletler Daimi Temsilcisi Dr. Be\u015f\u015far Caferi, T\u00fcrk rejiminin, topraklar\u0131n\u0131n i\u015fgal edilmesini reddetmeleri nedeniyle Haseke ilindeki halka kar\u015f\u0131 bir sava\u015f silah\u0131 olarak i\u00e7me suyunu kullanmaya devam etti\u011fini belirterek, Haseke ahalisinin suyunu kesmenin bir sava\u015f su\u00e7u ve uluslararas\u0131 insanc\u0131l hukuka g\u00f6re bir insanl\u0131k su\u00e7u olu\u015fturdu\u011funa dikkat \u00e7ekerek, Birle\u015fmi\u015f Milletlerin Haseke&#8217;deki i\u015fgaline son &hellip;<\/p>\n","protected":false},"author":1,"featured_media":216774,"comment_status":"closed","ping_status":"closed","sticky":false,"template":"","format":"standard","meta":{"footnotes":""},"categories":[458,459,17988],"tags":[],"class_list":["post-216773","post","type-post","status-publish","format-standard","has-post-thumbnail","","category-dunya1","category-haberler-arap-uluslararasi-politika","category-son-haberler"],"_links":{"self":[{"href":"https:\/\/archive.sana.sy\/tr\/index.php?rest_route=\/wp\/v2\/posts\/216773","targetHints":{"allow":["GET"]}}],"collection":[{"href":"https:\/\/archive.sana.sy\/tr\/index.php?rest_route=\/wp\/v2\/posts"}],"about":[{"href":"https:\/\/archive.sana.sy\/tr\/index.php?rest_route=\/wp\/v2\/types\/post"}],"author":[{"embeddable":true,"href":"https:\/\/archive.sana.sy\/tr\/index.php?rest_route=\/wp\/v2\/users\/1"}],"replies":[{"embeddable":true,"href":"https:\/\/archive.sana.sy\/tr\/index.php?rest_route=%2Fwp%2Fv2%2Fcomments&post=216773"}],"version-history":[{"count":0,"href":"https:\/\/archive.sana.sy\/tr\/index.php?rest_route=\/wp\/v2\/posts\/216773\/revisions"}],"wp:featuredmedia":[{"embeddable":true,"href":"https:\/\/archive.sana.sy\/tr\/index.php?rest_route=\/wp\/v2\/media\/216774"}],"wp:attachment":[{"href":"https:\/\/archive.sana.sy\/tr\/index.php?rest_route=%2Fwp%2Fv2%2Fmedia&parent=216773"}],"wp:term":[{"taxonomy":"category","embeddable":true,"href":"https:\/\/archive.sana.sy\/tr\/index.php?rest_route=%2Fwp%2Fv2%2Fcategories&post=216773"},{"taxonomy":"post_tag","embeddable":true,"href":"https:\/\/archive.sana.sy\/tr\/index.php?rest_route=%2Fwp%2Fv2%2Ftags&post=216773"}],"curies":[{"name":"wp","href":"https:\/\/api.w.org\/{rel}","templated":true}]}}