{"id":21679,"date":"2015-01-23T18:18:05","date_gmt":"2015-01-23T16:18:05","guid":{"rendered":"http:\/\/www.sana.sy\/tr\/?p=21679"},"modified":"2015-01-23T18:18:25","modified_gmt":"2015-01-23T16:18:25","slug":"yanlis-yolda-olduklarini-idrak-eden-ulusal-uzlasma-cabalarindan-faydalanip-normal-yasamina-donmek-isteyen-150-kisi-bugun-sam-ve-kirsalinin-muhtelif-bolgelerinde-silahlariyla-birlikte-guvenlik-kurumlar","status":"publish","type":"post","link":"https:\/\/archive.sana.sy\/tr\/?p=21679","title":{"rendered":"Yanl\u0131\u015f yolda olduklar\u0131n\u0131 idrak eden ve ulusal uzla\u015fma \u00e7abalar\u0131ndan faydalan\u0131p normal ya\u015fam\u0131na d\u00f6nmek isteyen 150 ki\u015fi bug\u00fcn \u015eam ve k\u0131rsal\u0131n\u0131n muhtelif b\u00f6lgelerinde silahlar\u0131yla birlikte g\u00fcvenlik kurumlar\u0131na teslim oldu."},"content":{"rendered":"<p>Yanl\u0131\u015f yolda olduklar\u0131n\u0131 idrak eden ve ulusal uzla\u015fma \u00e7abalar\u0131ndan faydalan\u0131p normal ya\u015fam\u0131na d\u00f6nmek isteyen 150 ki\u015fi bug\u00fcn \u015eam ve k\u0131rsal\u0131n\u0131n muhtelif b\u00f6lgelerinde silahlar\u0131yla birlikte g\u00fcvenlik kurumlar\u0131na teslim oldu.<\/p>\n","protected":false},"excerpt":{"rendered":"<p>Yanl\u0131\u015f yolda olduklar\u0131n\u0131 idrak eden ve ulusal uzla\u015fma \u00e7abalar\u0131ndan faydalan\u0131p normal ya\u015fam\u0131na d\u00f6nmek isteyen 150 ki\u015fi bug\u00fcn \u015eam ve k\u0131rsal\u0131n\u0131n muhtelif b\u00f6lgelerinde silahlar\u0131yla birlikte g\u00fcvenlik kurumlar\u0131na teslim oldu.<\/p>\n","protected":false},"author":1,"featured_media":0,"comment_status":"closed","ping_status":"closed","sticky":false,"template":"","format":"standard","meta":{"footnotes":""},"categories":[1],"tags":[10570],"class_list":["post-21679","post","type-post","status-publish","format-standard","","category-news-not-sorted","tag-yanlis-yolda-olduklarini-idrak-eden-ulusal-uzlasma-cabalarindan-faydalanip-normal-yasamina-donmek-isteyen-150-kisi-bugun-sam-ve-kirsalinin-muhtelif-bolgelerinde-silahlariyla-birlikte-guvenlik-kurumlar"],"_links":{"self":[{"href":"https:\/\/archive.sana.sy\/tr\/index.php?rest_route=\/wp\/v2\/posts\/21679","targetHints":{"allow":["GET"]}}],"collection":[{"href":"https:\/\/archive.sana.sy\/tr\/index.php?rest_route=\/wp\/v2\/posts"}],"about":[{"href":"https:\/\/archive.sana.sy\/tr\/index.php?rest_route=\/wp\/v2\/types\/post"}],"author":[{"embeddable":true,"href":"https:\/\/archive.sana.sy\/tr\/index.php?rest_route=\/wp\/v2\/users\/1"}],"replies":[{"embeddable":true,"href":"https:\/\/archive.sana.sy\/tr\/index.php?rest_route=%2Fwp%2Fv2%2Fcomments&post=21679"}],"version-history":[{"count":0,"href":"https:\/\/archive.sana.sy\/tr\/index.php?rest_route=\/wp\/v2\/posts\/21679\/revisions"}],"wp:attachment":[{"href":"https:\/\/archive.sana.sy\/tr\/index.php?rest_route=%2Fwp%2Fv2%2Fmedia&parent=21679"}],"wp:term":[{"taxonomy":"category","embeddable":true,"href":"https:\/\/archive.sana.sy\/tr\/index.php?rest_route=%2Fwp%2Fv2%2Fcategories&post=21679"},{"taxonomy":"post_tag","embeddable":true,"href":"https:\/\/archive.sana.sy\/tr\/index.php?rest_route=%2Fwp%2Fv2%2Ftags&post=21679"}],"curies":[{"name":"wp","href":"https:\/\/api.w.org\/{rel}","templated":true}]}}