{"id":21690,"date":"2015-01-23T21:16:30","date_gmt":"2015-01-23T19:16:30","guid":{"rendered":"http:\/\/sana.sy\/tr\/?p=21690"},"modified":"2015-01-23T21:17:11","modified_gmt":"2015-01-23T19:17:11","slug":"bogdanov-ve-bonn-bolgedeki-durumlari-masaya-yatirdi","status":"publish","type":"post","link":"https:\/\/archive.sana.sy\/tr\/?p=21690","title":{"rendered":"Bogdanov Tefft ve Bonn ile B\u00f6lgedeki Durumlar\u0131 Masaya Yat\u0131rd\u0131"},"content":{"rendered":"<p>MOSKOVA \u2013 Rusya Ba\u015fkan\u0131n\u0131n Ortado\u011fu ve Afrika Temsilcisi ve D\u0131\u015fi\u015fleri Bakan\u0131 Yard\u0131mc\u0131s\u0131 Mikhail Bogdanov bug\u00fcn Moskova\u2019da ABD\u2019nin Moskova B\u00fcy\u00fckel\u00e7isi John Tefft ile Suriye ve Yemen\u2019deki son durumlar\u0131 masaya yat\u0131rd\u0131.<\/p>\n<p>Di\u011fer yandan Bogdanov bug\u00fcn Moskova&#8217;da Fransa ba\u015fkan\u0131n\u0131n dan\u0131\u015fman\u0131 Emmanuel Bonn ile Suriye ve L\u00fcbnan&#8217;daki durumlar\u0131 masaya yat\u0131rd\u0131.<\/p>\n<p>Rusya D\u0131\u015fi\u015fleri Bakanl\u0131\u011f\u0131 yay\u0131nlad\u0131\u011f\u0131 beyanda Bogdanov ve Bonn\u2019un g\u00f6r\u00fc\u015fmelerinde ayr\u0131ca I\u015e\u0130D \u00d6rg\u00fct\u00fcne kar\u015f\u0131 m\u00fccadele yollar\u0131n\u0131 da ele ald\u0131klar\u0131n\u0131 aktard\u0131.<\/p>\n<p>Beyanda iki taraf\u0131n ayr\u0131ca; iki \u00fclkenin \u00e7\u0131karlar\u0131 do\u011frultusunda Ortado\u011fu B\u00f6lgesindeki durumlara ili\u015fkin koordinasyonu peki\u015ftirme \u00fczerine anla\u015ft\u0131klar\u0131 kaydedildi.<\/p>\n<p>A.A. &#8211; M.M.<\/p>\n","protected":false},"excerpt":{"rendered":"<p>MOSKOVA \u2013 Rusya Ba\u015fkan\u0131n\u0131n Ortado\u011fu ve Afrika Temsilcisi ve D\u0131\u015fi\u015fleri Bakan\u0131 Yard\u0131mc\u0131s\u0131 Mikhail Bogdanov bug\u00fcn Moskova\u2019da ABD\u2019nin Moskova B\u00fcy\u00fckel\u00e7isi John Tefft ile Suriye ve Yemen\u2019deki son durumlar\u0131 masaya yat\u0131rd\u0131. Di\u011fer yandan Bogdanov bug\u00fcn Moskova&#8217;da Fransa ba\u015fkan\u0131n\u0131n dan\u0131\u015fman\u0131 Emmanuel Bonn ile Suriye ve L\u00fcbnan&#8217;daki durumlar\u0131 masaya yat\u0131rd\u0131. Rusya D\u0131\u015fi\u015fleri Bakanl\u0131\u011f\u0131 yay\u0131nlad\u0131\u011f\u0131 beyanda Bogdanov ve Bonn\u2019un g\u00f6r\u00fc\u015fmelerinde &hellip;<\/p>\n","protected":false},"author":1,"featured_media":21691,"comment_status":"closed","ping_status":"closed","sticky":false,"template":"","format":"standard","meta":{"footnotes":""},"categories":[458,459,447],"tags":[10575],"class_list":["post-21690","post","type-post","status-publish","format-standard","has-post-thumbnail","","category-dunya1","category-haberler-arap-uluslararasi-politika","category-politika","tag-bogdanov-ve-bonn-bolgedeki-durumlari-masaya-yatirdi-moskova-rusya-baskaninin-ortadogu-ve-afrika-temsilcisi-ve-disisleri-bakani-yardimcisi-mikhail-bogdanov-bugun-moskovada-fransa-baskaninin"],"_links":{"self":[{"href":"https:\/\/archive.sana.sy\/tr\/index.php?rest_route=\/wp\/v2\/posts\/21690","targetHints":{"allow":["GET"]}}],"collection":[{"href":"https:\/\/archive.sana.sy\/tr\/index.php?rest_route=\/wp\/v2\/posts"}],"about":[{"href":"https:\/\/archive.sana.sy\/tr\/index.php?rest_route=\/wp\/v2\/types\/post"}],"author":[{"embeddable":true,"href":"https:\/\/archive.sana.sy\/tr\/index.php?rest_route=\/wp\/v2\/users\/1"}],"replies":[{"embeddable":true,"href":"https:\/\/archive.sana.sy\/tr\/index.php?rest_route=%2Fwp%2Fv2%2Fcomments&post=21690"}],"version-history":[{"count":0,"href":"https:\/\/archive.sana.sy\/tr\/index.php?rest_route=\/wp\/v2\/posts\/21690\/revisions"}],"wp:featuredmedia":[{"embeddable":true,"href":"https:\/\/archive.sana.sy\/tr\/index.php?rest_route=\/wp\/v2\/media\/21691"}],"wp:attachment":[{"href":"https:\/\/archive.sana.sy\/tr\/index.php?rest_route=%2Fwp%2Fv2%2Fmedia&parent=21690"}],"wp:term":[{"taxonomy":"category","embeddable":true,"href":"https:\/\/archive.sana.sy\/tr\/index.php?rest_route=%2Fwp%2Fv2%2Fcategories&post=21690"},{"taxonomy":"post_tag","embeddable":true,"href":"https:\/\/archive.sana.sy\/tr\/index.php?rest_route=%2Fwp%2Fv2%2Ftags&post=21690"}],"curies":[{"name":"wp","href":"https:\/\/api.w.org\/{rel}","templated":true}]}}