{"id":216927,"date":"2020-08-30T09:24:54","date_gmt":"2020-08-30T06:24:54","guid":{"rendered":"http:\/\/sana.sy\/tr\/?p=216927"},"modified":"2020-08-31T13:49:37","modified_gmt":"2020-08-31T10:49:37","slug":"pederson-anayasayi-tartisma-komitesinin-calismalari-devam-etmeli-ve-suriyeliler-tarafindan-sunulmalidir","status":"publish","type":"post","link":"https:\/\/archive.sana.sy\/tr\/?p=216927","title":{"rendered":"Pederson: Anayasay\u0131 Tart\u0131\u015fma Komitesinin \u00c7al\u0131\u015fmalar\u0131 Devam Etmeli Ve Suriyeliler Taraf\u0131ndan Sunulmal\u0131d\u0131r"},"content":{"rendered":"<p style=\"text-align: justify;\">CENEVRE \u2013 Birle\u00e7mi\u015f Milletler Genel Sekreteri&#8217;nin Suriye \u00d6zel Temsilcisi Geir Pederson, Anayasay\u0131 Tart\u0131\u015fma Komitesinin 3. Tur toplant\u0131lar\u0131\u00a0 esnas\u0131ndaki tart\u0131\u015fmalar \u00fczerine\u00a0 gelecek \u00e7al\u0131\u015fma a\u015famalar\u0131n\u0131 in\u015fa edece\u011fini belirterek, kat\u0131l\u0131mc\u0131 heyetlerin gelecek tur \u00e7al\u0131\u015fmalar\u0131n\u0131n g\u00fcndemi ve tarihiyle ilgili anla\u015fmalar\u0131ndan \u00fcmidini dile getirdi.<\/p>\n<p style=\"text-align: justify;\">Pedersen, bug\u00fcn Cenevre&#8217;deki \u00fc\u00e7\u00fcnc\u00fc tur toplant\u0131lar\u0131n\u0131n sonu\u00e7lanmas\u0131 ard\u0131ndan d\u00fczenledi\u011fi bas\u0131n toplant\u0131s\u0131nda, kat\u0131l\u0131mc\u0131 heyetlerin bu tur s\u0131ras\u0131nda meydana gelen tart\u0131\u015fmalar\u0131n \u00fczerine in\u015fa etmek i\u00e7in tekrar bir araya gelme isteklerini dile getirerek, kat\u0131lan heyetler aras\u0131nda \u00f6nemli farkl\u0131l\u0131klar oldu\u011funa dikkat \u00e7ekti.<\/p>\n<p style=\"text-align: justify;\">BM Temsilcisi, anayasay\u0131 tart\u0131\u015fma komitesinin Suriye&#8217;nin liderli\u011finde ve sahipli\u011finde oldu\u011funu, d\u00f6rt g\u00f6zle bekledi\u011fi \u015feyin komite i\u00e7in tekrar bulu\u015fmak, bu s\u00fcre\u00e7 ve bu yolda ilerlemek oldu\u011funu vurgulayarak, bir sonraki tur i\u00e7in tarih belirlemenin \u00f6zel el\u00e7inin g\u00f6revi olmad\u0131\u011f\u0131n\u0131, s\u00fcrecin Suriye&#8217;ye ait ve Suriye taraf\u0131ndan y\u00f6netildi\u011fini ve ne zaman ilerleyece\u011fini Suriyeli taraflar\u0131n belirlemesi gerekti\u011fini vurgulad\u0131.<\/p>\n<p style=\"text-align: justify;\">Komitenin \u00e7al\u0131\u015fmalar\u0131n\u0131n s\u00fcrekli bir \u00e7al\u0131\u015fma olmas\u0131 ve \u00e7al\u0131\u015fma s\u00fcresince elde ettikleri \u00fczerine in\u015fa edilmesi gerekti\u011fini belirten Pederson, komitenin \u00e7al\u0131\u015fmalar\u0131 i\u00e7in uluslararas\u0131 toplumdan, G\u00fcvenlik Konseyi&#8217;nden ve Astana s\u00fcrecinden g\u00fc\u00e7l\u00fc bir destek oldu\u011funu belirtti.<\/p>\n<p style=\"text-align: justify;\">Pederson, komitenin \u00e7al\u0131\u015fmalar\u0131n\u0131n bizzat Suriyelilerin elinde oldu\u011funu vurgulayarak, bir sonraki turun Cenevre&#8217;de yap\u0131lmas\u0131n\u0131 umdu\u011funu belirterek, \u015funlar\u0131 s\u00f6yledi: &#8220;G\u00fcndemle ilgili olarak daha fazla zamana ihtiyac\u0131m\u0131z var.. Zaten tart\u0131\u015fmalara ba\u015flad\u0131k, baz\u0131 fikirlerimiz var ve i\u015flerin nas\u0131l gidece\u011fini g\u00f6rmek i\u00e7in bekleyece\u011fiz&#8221; dedi.<\/p>\n","protected":false},"excerpt":{"rendered":"<p>CENEVRE \u2013 Birle\u00e7mi\u015f Milletler Genel Sekreteri&#8217;nin Suriye \u00d6zel Temsilcisi Geir Pederson, Anayasay\u0131 Tart\u0131\u015fma Komitesinin 3. Tur toplant\u0131lar\u0131\u00a0 esnas\u0131ndaki tart\u0131\u015fmalar \u00fczerine\u00a0 gelecek \u00e7al\u0131\u015fma a\u015famalar\u0131n\u0131 in\u015fa edece\u011fini belirterek, kat\u0131l\u0131mc\u0131 heyetlerin gelecek tur \u00e7al\u0131\u015fmalar\u0131n\u0131n g\u00fcndemi ve tarihiyle ilgili anla\u015fmalar\u0131ndan \u00fcmidini dile getirdi. Pedersen, bug\u00fcn Cenevre&#8217;deki \u00fc\u00e7\u00fcnc\u00fc tur toplant\u0131lar\u0131n\u0131n sonu\u00e7lanmas\u0131 ard\u0131ndan d\u00fczenledi\u011fi bas\u0131n toplant\u0131s\u0131nda, kat\u0131l\u0131mc\u0131 heyetlerin bu tur s\u0131ras\u0131nda &hellip;<\/p>\n","protected":false},"author":1,"featured_media":216934,"comment_status":"closed","ping_status":"closed","sticky":false,"template":"","format":"standard","meta":{"footnotes":""},"categories":[458,459,17988],"tags":[],"class_list":["post-216927","post","type-post","status-publish","format-standard","has-post-thumbnail","","category-dunya1","category-haberler-arap-uluslararasi-politika","category-son-haberler"],"_links":{"self":[{"href":"https:\/\/archive.sana.sy\/tr\/index.php?rest_route=\/wp\/v2\/posts\/216927","targetHints":{"allow":["GET"]}}],"collection":[{"href":"https:\/\/archive.sana.sy\/tr\/index.php?rest_route=\/wp\/v2\/posts"}],"about":[{"href":"https:\/\/archive.sana.sy\/tr\/index.php?rest_route=\/wp\/v2\/types\/post"}],"author":[{"embeddable":true,"href":"https:\/\/archive.sana.sy\/tr\/index.php?rest_route=\/wp\/v2\/users\/1"}],"replies":[{"embeddable":true,"href":"https:\/\/archive.sana.sy\/tr\/index.php?rest_route=%2Fwp%2Fv2%2Fcomments&post=216927"}],"version-history":[{"count":0,"href":"https:\/\/archive.sana.sy\/tr\/index.php?rest_route=\/wp\/v2\/posts\/216927\/revisions"}],"wp:featuredmedia":[{"embeddable":true,"href":"https:\/\/archive.sana.sy\/tr\/index.php?rest_route=\/wp\/v2\/media\/216934"}],"wp:attachment":[{"href":"https:\/\/archive.sana.sy\/tr\/index.php?rest_route=%2Fwp%2Fv2%2Fmedia&parent=216927"}],"wp:term":[{"taxonomy":"category","embeddable":true,"href":"https:\/\/archive.sana.sy\/tr\/index.php?rest_route=%2Fwp%2Fv2%2Fcategories&post=216927"},{"taxonomy":"post_tag","embeddable":true,"href":"https:\/\/archive.sana.sy\/tr\/index.php?rest_route=%2Fwp%2Fv2%2Ftags&post=216927"}],"curies":[{"name":"wp","href":"https:\/\/api.w.org\/{rel}","templated":true}]}}