{"id":216929,"date":"2020-08-29T23:00:53","date_gmt":"2020-08-29T20:00:53","guid":{"rendered":"http:\/\/sana.sy\/tr\/?p=216929"},"modified":"2020-08-31T13:49:33","modified_gmt":"2020-08-31T10:49:33","slug":"saglik-bakanligi-yeni-65-koronavirus-vakasi-15-sifa-3-vefat","status":"publish","type":"post","link":"https:\/\/archive.sana.sy\/tr\/?p=216929","title":{"rendered":"Sa\u011fl\u0131k Bakanl\u0131\u011f\u0131: Yeni 65 Koronavir\u00fcs Vakas\u0131 15 \u015eifa 3 Vefat"},"content":{"rendered":"<p style=\"text-align: justify;\">\u015eAM \u2013 Sa\u011fl\u0131k Bakanl\u0131\u011f\u0131 bug\u00fcn, yeni 65 koronavir\u00fcs vakas\u0131n\u0131n tescil edildi\u011fini, Suriye\u2019de tescil edilen vakalardan 15\u2019inin iyile\u015fti\u011fini 3 vakan\u0131n da vefat etti\u011fini ilan etti.<\/p>\n<p style=\"text-align: justify;\">Bakanl\u0131k bug\u00fcn yay\u0131nlad\u0131\u011f\u0131 ve SANA\u2019n\u0131n da bir n\u00fcshas\u0131n\u0131 ald\u0131\u011f\u0131 beyanda, Suriye\u2019de tescil edilen vaka say\u0131s\u0131n\u0131n bug\u00fcne kadar 2628&#8217;e y\u00fckseldi\u011fini, bu vakalardan 599&#8217;unun iyile\u015fti\u011fini 106&#8217;s\u0131n\u0131n da vefat etti\u011fine i\u015faret etti.<\/p>\n","protected":false},"excerpt":{"rendered":"<p>\u015eAM \u2013 Sa\u011fl\u0131k Bakanl\u0131\u011f\u0131 bug\u00fcn, yeni 65 koronavir\u00fcs vakas\u0131n\u0131n tescil edildi\u011fini, Suriye\u2019de tescil edilen vakalardan 15\u2019inin iyile\u015fti\u011fini 3 vakan\u0131n da vefat etti\u011fini ilan etti. Bakanl\u0131k bug\u00fcn yay\u0131nlad\u0131\u011f\u0131 ve SANA\u2019n\u0131n da bir n\u00fcshas\u0131n\u0131 ald\u0131\u011f\u0131 beyanda, Suriye\u2019de tescil edilen vaka say\u0131s\u0131n\u0131n bug\u00fcne kadar 2628&#8217;e y\u00fckseldi\u011fini, bu vakalardan 599&#8217;unun iyile\u015fti\u011fini 106&#8217;s\u0131n\u0131n da vefat etti\u011fine i\u015faret etti.<\/p>\n","protected":false},"author":1,"featured_media":216930,"comment_status":"closed","ping_status":"closed","sticky":false,"template":"","format":"standard","meta":{"footnotes":""},"categories":[526,479,17988,525,478],"tags":[],"class_list":["post-216929","post","type-post","status-publish","format-standard","has-post-thumbnail","","category-haber-ve-raporlar","category-haberler-yerel","category-son-haberler","category-toplum","category-yerel"],"_links":{"self":[{"href":"https:\/\/archive.sana.sy\/tr\/index.php?rest_route=\/wp\/v2\/posts\/216929","targetHints":{"allow":["GET"]}}],"collection":[{"href":"https:\/\/archive.sana.sy\/tr\/index.php?rest_route=\/wp\/v2\/posts"}],"about":[{"href":"https:\/\/archive.sana.sy\/tr\/index.php?rest_route=\/wp\/v2\/types\/post"}],"author":[{"embeddable":true,"href":"https:\/\/archive.sana.sy\/tr\/index.php?rest_route=\/wp\/v2\/users\/1"}],"replies":[{"embeddable":true,"href":"https:\/\/archive.sana.sy\/tr\/index.php?rest_route=%2Fwp%2Fv2%2Fcomments&post=216929"}],"version-history":[{"count":0,"href":"https:\/\/archive.sana.sy\/tr\/index.php?rest_route=\/wp\/v2\/posts\/216929\/revisions"}],"wp:featuredmedia":[{"embeddable":true,"href":"https:\/\/archive.sana.sy\/tr\/index.php?rest_route=\/wp\/v2\/media\/216930"}],"wp:attachment":[{"href":"https:\/\/archive.sana.sy\/tr\/index.php?rest_route=%2Fwp%2Fv2%2Fmedia&parent=216929"}],"wp:term":[{"taxonomy":"category","embeddable":true,"href":"https:\/\/archive.sana.sy\/tr\/index.php?rest_route=%2Fwp%2Fv2%2Fcategories&post=216929"},{"taxonomy":"post_tag","embeddable":true,"href":"https:\/\/archive.sana.sy\/tr\/index.php?rest_route=%2Fwp%2Fv2%2Ftags&post=216929"}],"curies":[{"name":"wp","href":"https:\/\/api.w.org\/{rel}","templated":true}]}}