{"id":216938,"date":"2020-08-30T09:56:29","date_gmt":"2020-08-30T06:56:29","guid":{"rendered":"http:\/\/www.sana.sy\/tr\/?p=216938"},"modified":"2020-08-30T09:56:29","modified_gmt":"2020-08-30T06:56:29","slug":"esadin-himayesinde-bahriyelilerden-yeni-donem-ogrencileri-mezun-oldu-deniz-kuvvetleri-ve-sahil-guvenlik-bayramlarini-kutluyor-2","status":"publish","type":"post","link":"https:\/\/archive.sana.sy\/tr\/?p=216938","title":{"rendered":"Esad&#8217;\u0131n Himayesinde.. Bahriyelilerden Yeni D\u00f6nem \u00d6\u011frencileri Mezun Oldu.. Deniz Kuvvetleri ve Sahil G\u00fcvenlik Bayramlar\u0131n\u0131 Kutluyor"},"content":{"rendered":"<p>Esad&#8217;\u0131n Himayesinde.. Bahriyelilerden Yeni D\u00f6nem \u00d6\u011frencileri Mezun Oldu.. Deniz Kuvvetleri ve Sahil G\u00fcvenlik Bayramlar\u0131n\u0131 Kutluyor<\/p>\n<p><iframe loading=\"lazy\" src=\"https:\/\/www.youtube.com\/embed\/l8QABkbPrlI\" width=\"620\" height=\"347\" frameborder=\"0\" allowfullscreen=\"allowfullscreen\"><\/iframe><\/p>\n","protected":false},"excerpt":{"rendered":"<p>Esad&#8217;\u0131n Himayesinde.. Bahriyelilerden Yeni D\u00f6nem \u00d6\u011frencileri Mezun Oldu.. Deniz Kuvvetleri ve Sahil G\u00fcvenlik Bayramlar\u0131n\u0131 Kutluyor<\/p>\n","protected":false},"author":36,"featured_media":216939,"comment_status":"closed","ping_status":"closed","sticky":false,"template":"","format":"standard","meta":{"footnotes":""},"categories":[18295],"tags":[],"class_list":["post-216938","post","type-post","status-publish","format-standard","has-post-thumbnail","","category-sana-video"],"_links":{"self":[{"href":"https:\/\/archive.sana.sy\/tr\/index.php?rest_route=\/wp\/v2\/posts\/216938","targetHints":{"allow":["GET"]}}],"collection":[{"href":"https:\/\/archive.sana.sy\/tr\/index.php?rest_route=\/wp\/v2\/posts"}],"about":[{"href":"https:\/\/archive.sana.sy\/tr\/index.php?rest_route=\/wp\/v2\/types\/post"}],"author":[{"embeddable":true,"href":"https:\/\/archive.sana.sy\/tr\/index.php?rest_route=\/wp\/v2\/users\/36"}],"replies":[{"embeddable":true,"href":"https:\/\/archive.sana.sy\/tr\/index.php?rest_route=%2Fwp%2Fv2%2Fcomments&post=216938"}],"version-history":[{"count":0,"href":"https:\/\/archive.sana.sy\/tr\/index.php?rest_route=\/wp\/v2\/posts\/216938\/revisions"}],"wp:featuredmedia":[{"embeddable":true,"href":"https:\/\/archive.sana.sy\/tr\/index.php?rest_route=\/wp\/v2\/media\/216939"}],"wp:attachment":[{"href":"https:\/\/archive.sana.sy\/tr\/index.php?rest_route=%2Fwp%2Fv2%2Fmedia&parent=216938"}],"wp:term":[{"taxonomy":"category","embeddable":true,"href":"https:\/\/archive.sana.sy\/tr\/index.php?rest_route=%2Fwp%2Fv2%2Fcategories&post=216938"},{"taxonomy":"post_tag","embeddable":true,"href":"https:\/\/archive.sana.sy\/tr\/index.php?rest_route=%2Fwp%2Fv2%2Ftags&post=216938"}],"curies":[{"name":"wp","href":"https:\/\/api.w.org\/{rel}","templated":true}]}}