{"id":216941,"date":"2020-08-30T09:58:19","date_gmt":"2020-08-30T06:58:19","guid":{"rendered":"http:\/\/www.sana.sy\/tr\/?p=216941"},"modified":"2020-08-31T13:49:40","modified_gmt":"2020-08-31T10:49:40","slug":"erdogan-kiraliklari-afrin-bolgesinde-birkac-sivili-kacirdi","status":"publish","type":"post","link":"https:\/\/archive.sana.sy\/tr\/?p=216941","title":{"rendered":"Erdo\u011fan Kiral\u0131klar\u0131 Afrin B\u00f6lgesinde Birka\u00e7 Sivili Ka\u00e7\u0131rd\u0131"},"content":{"rendered":"<p>HALEP \u2013 T\u00fcrk rejiminin kiral\u0131klar\u0131 Halep k\u0131rsal\u0131nda yay\u0131ld\u0131klar\u0131 b\u00f6lgelerde ahaliye y\u00f6nelik su\u00e7 uygulamalar\u0131n\u0131 devam ederek, Halep k\u0131rsal\u0131n\u0131n kuzeyinde yer alan Afrin b\u00f6lgesine tabi bir dizi k\u00f6yde birka\u00e7 sivili ka\u00e7\u0131rd\u0131.<\/p>\n<p>Yerel kaynaklar SANA muhabiri, T\u00fcrk rejimi kiral\u0131klar\u0131n\u0131n, Afrin kentinin k\u0131rsal\u0131nda yer alan Korziyle k\u00f6y\u00fcne bask\u0131n d\u00fczenlediklerini belirtirken, 5 kad\u0131n\u0131 ve birka\u00e7 ya\u015fl\u0131y\u0131 da dahil olmak \u00fczere 10 sivili ka\u00e7\u0131rd\u0131\u011f\u0131n\u0131 ve bilinmeyen bir yere getirdiklerine i\u015faret etti.<\/p>\n<p>\u00c7eviri: M.Y<\/p>\n","protected":false},"excerpt":{"rendered":"<p>HALEP \u2013 T\u00fcrk rejiminin kiral\u0131klar\u0131 Halep k\u0131rsal\u0131nda yay\u0131ld\u0131klar\u0131 b\u00f6lgelerde ahaliye y\u00f6nelik su\u00e7 uygulamalar\u0131n\u0131 devam ederek, Halep k\u0131rsal\u0131n\u0131n kuzeyinde yer alan Afrin b\u00f6lgesine tabi bir dizi k\u00f6yde birka\u00e7 sivili ka\u00e7\u0131rd\u0131. Yerel kaynaklar SANA muhabiri, T\u00fcrk rejimi kiral\u0131klar\u0131n\u0131n, Afrin kentinin k\u0131rsal\u0131nda yer alan Korziyle k\u00f6y\u00fcne bask\u0131n d\u00fczenlediklerini belirtirken, 5 kad\u0131n\u0131 ve birka\u00e7 ya\u015fl\u0131y\u0131 da dahil olmak \u00fczere &hellip;<\/p>\n","protected":false},"author":36,"featured_media":216943,"comment_status":"closed","ping_status":"closed","sticky":false,"template":"","format":"standard","meta":{"footnotes":""},"categories":[479,575,17988,2554,2555,478],"tags":[],"class_list":["post-216941","post","type-post","status-publish","format-standard","has-post-thumbnail","","category-haberler-yerel","category-olaylar-ve-gercekler","category-son-haberler","category-suriye-ve-dunya","category-suriye-ve-turkiye","category-yerel"],"_links":{"self":[{"href":"https:\/\/archive.sana.sy\/tr\/index.php?rest_route=\/wp\/v2\/posts\/216941","targetHints":{"allow":["GET"]}}],"collection":[{"href":"https:\/\/archive.sana.sy\/tr\/index.php?rest_route=\/wp\/v2\/posts"}],"about":[{"href":"https:\/\/archive.sana.sy\/tr\/index.php?rest_route=\/wp\/v2\/types\/post"}],"author":[{"embeddable":true,"href":"https:\/\/archive.sana.sy\/tr\/index.php?rest_route=\/wp\/v2\/users\/36"}],"replies":[{"embeddable":true,"href":"https:\/\/archive.sana.sy\/tr\/index.php?rest_route=%2Fwp%2Fv2%2Fcomments&post=216941"}],"version-history":[{"count":0,"href":"https:\/\/archive.sana.sy\/tr\/index.php?rest_route=\/wp\/v2\/posts\/216941\/revisions"}],"wp:featuredmedia":[{"embeddable":true,"href":"https:\/\/archive.sana.sy\/tr\/index.php?rest_route=\/wp\/v2\/media\/216943"}],"wp:attachment":[{"href":"https:\/\/archive.sana.sy\/tr\/index.php?rest_route=%2Fwp%2Fv2%2Fmedia&parent=216941"}],"wp:term":[{"taxonomy":"category","embeddable":true,"href":"https:\/\/archive.sana.sy\/tr\/index.php?rest_route=%2Fwp%2Fv2%2Fcategories&post=216941"},{"taxonomy":"post_tag","embeddable":true,"href":"https:\/\/archive.sana.sy\/tr\/index.php?rest_route=%2Fwp%2Fv2%2Ftags&post=216941"}],"curies":[{"name":"wp","href":"https:\/\/api.w.org\/{rel}","templated":true}]}}