{"id":216968,"date":"2020-08-30T11:08:00","date_gmt":"2020-08-30T08:08:00","guid":{"rendered":"http:\/\/www.sana.sy\/tr\/?p=216968"},"modified":"2020-08-31T13:49:44","modified_gmt":"2020-08-31T10:49:44","slug":"turk-rejimine-bagli-teroristler-rasul-ayn-bolgesinden-tarimsal-ekipmanlari-ve-makineleri-caldi","status":"publish","type":"post","link":"https:\/\/archive.sana.sy\/tr\/?p=216968","title":{"rendered":"T\u00fcrk Rejimine Ba\u011fl\u0131 Ter\u00f6ristler Rasul Ayn B\u00f6lgesinden Tar\u0131msal Ekipmanlar\u0131 ve Makineleri \u00c7ald\u0131"},"content":{"rendered":"<p>HASEKE \u2013 \u0130\u015fgalci T\u00fcrk g\u00fc\u00e7leri ve kiral\u0131klar\u0131 Haseke k\u0131rsal\u0131nda sivillere y\u00f6nelik ter\u00f6r uygulamalar\u0131n\u0131 devam ederek, Haseke \u015fehrinin kuzeybat\u0131s\u0131nda yer alan Rasul Ayn b\u00f6lgesinde tar\u0131msal ekipmanlar\u0131 ve makineleri \u00e7ald\u0131.<\/p>\n<p>Yerel kaynaklar SANA muhabirine, i\u015fgalci T\u00fcrk g\u00fc\u00e7leri kiral\u0131klar\u0131n\u0131n, i\u015fgal alt\u0131ndaki Rasul Ayn kentinin g\u00fcneybat\u0131s\u0131nda yer alan Aabah k\u00f6y\u00fcndeki \u00e7ift\u00e7ilerin kuyular\u0131ndan dalg\u0131\u00e7lar\u0131, elektrik jenerat\u00f6r setleri ve tar\u0131msal ekipmanlar\u0131 ve makineleri \u00e7ald\u0131klar\u0131n\u0131 belirtti.<\/p>\n<p>\u00c7eviri: M.Y<\/p>\n","protected":false},"excerpt":{"rendered":"<p>HASEKE \u2013 \u0130\u015fgalci T\u00fcrk g\u00fc\u00e7leri ve kiral\u0131klar\u0131 Haseke k\u0131rsal\u0131nda sivillere y\u00f6nelik ter\u00f6r uygulamalar\u0131n\u0131 devam ederek, Haseke \u015fehrinin kuzeybat\u0131s\u0131nda yer alan Rasul Ayn b\u00f6lgesinde tar\u0131msal ekipmanlar\u0131 ve makineleri \u00e7ald\u0131. Yerel kaynaklar SANA muhabirine, i\u015fgalci T\u00fcrk g\u00fc\u00e7leri kiral\u0131klar\u0131n\u0131n, i\u015fgal alt\u0131ndaki Rasul Ayn kentinin g\u00fcneybat\u0131s\u0131nda yer alan Aabah k\u00f6y\u00fcndeki \u00e7ift\u00e7ilerin kuyular\u0131ndan dalg\u0131\u00e7lar\u0131, elektrik jenerat\u00f6r setleri ve tar\u0131msal ekipmanlar\u0131 &hellip;<\/p>\n","protected":false},"author":36,"featured_media":216969,"comment_status":"closed","ping_status":"closed","sticky":false,"template":"","format":"standard","meta":{"footnotes":""},"categories":[479,575,17988,2554,2555,478],"tags":[],"class_list":["post-216968","post","type-post","status-publish","format-standard","has-post-thumbnail","","category-haberler-yerel","category-olaylar-ve-gercekler","category-son-haberler","category-suriye-ve-dunya","category-suriye-ve-turkiye","category-yerel"],"_links":{"self":[{"href":"https:\/\/archive.sana.sy\/tr\/index.php?rest_route=\/wp\/v2\/posts\/216968","targetHints":{"allow":["GET"]}}],"collection":[{"href":"https:\/\/archive.sana.sy\/tr\/index.php?rest_route=\/wp\/v2\/posts"}],"about":[{"href":"https:\/\/archive.sana.sy\/tr\/index.php?rest_route=\/wp\/v2\/types\/post"}],"author":[{"embeddable":true,"href":"https:\/\/archive.sana.sy\/tr\/index.php?rest_route=\/wp\/v2\/users\/36"}],"replies":[{"embeddable":true,"href":"https:\/\/archive.sana.sy\/tr\/index.php?rest_route=%2Fwp%2Fv2%2Fcomments&post=216968"}],"version-history":[{"count":0,"href":"https:\/\/archive.sana.sy\/tr\/index.php?rest_route=\/wp\/v2\/posts\/216968\/revisions"}],"wp:featuredmedia":[{"embeddable":true,"href":"https:\/\/archive.sana.sy\/tr\/index.php?rest_route=\/wp\/v2\/media\/216969"}],"wp:attachment":[{"href":"https:\/\/archive.sana.sy\/tr\/index.php?rest_route=%2Fwp%2Fv2%2Fmedia&parent=216968"}],"wp:term":[{"taxonomy":"category","embeddable":true,"href":"https:\/\/archive.sana.sy\/tr\/index.php?rest_route=%2Fwp%2Fv2%2Fcategories&post=216968"},{"taxonomy":"post_tag","embeddable":true,"href":"https:\/\/archive.sana.sy\/tr\/index.php?rest_route=%2Fwp%2Fv2%2Ftags&post=216968"}],"curies":[{"name":"wp","href":"https:\/\/api.w.org\/{rel}","templated":true}]}}