{"id":216971,"date":"2020-08-30T11:40:38","date_gmt":"2020-08-30T08:40:38","guid":{"rendered":"http:\/\/www.sana.sy\/tr\/?p=216971"},"modified":"2020-08-31T13:49:48","modified_gmt":"2020-08-31T10:49:48","slug":"hamra-koyunde-bir-mayinin-patlamasiyla-1-vatandas-sehit-dustu-15-vatandas-da-yaralandi","status":"publish","type":"post","link":"https:\/\/archive.sana.sy\/tr\/?p=216971","title":{"rendered":"Hamra K\u00f6y\u00fcnde Bir May\u0131n\u0131n Patlamas\u0131yla 1 Vatanda\u015f \u015eehit D\u00fc\u015ft\u00fc 15 Vatanda\u015f Da Yaraland\u0131"},"content":{"rendered":"<p>HAMA \u2013 Hama k\u0131rsal\u0131n\u0131n kuzeydo\u011fusunda yer alan el Hamra k\u00f6y\u00fc yak\u0131nlar\u0131nda ter\u00f6r gruplar\u0131ndan kalan bir may\u0131n\u0131n patlamas\u0131 sonucunda 1 vatanda\u015f \u015fehit d\u00fc\u015ft\u00fc, 15 vatanda\u015f da yaraland\u0131.<\/p>\n<p>SANA muhabiri, Hama k\u0131rsal\u0131n\u0131n kuzeydo\u011fusunda yer alan el Hamra k\u00f6y\u00fc yak\u0131nlar\u0131nda ter\u00f6r gruplar\u0131ndan kalan bir may\u0131n\u0131n, bir grup k\u00f6yl\u00fcn\u00fcn tar\u0131m i\u015flerini yapmalar\u0131 s\u0131ras\u0131nda patlamas\u0131 sonucunda bir vatanda\u015f\u0131n \u015fehit d\u00fc\u015ft\u00fc\u011f\u00fcn\u00fc, 15 vatanda\u015f\u0131n da yaraland\u0131\u011f\u0131n\u0131 belirtti.<\/p>\n<p>\u00c7eviri: M.Y<\/p>\n","protected":false},"excerpt":{"rendered":"<p>HAMA \u2013 Hama k\u0131rsal\u0131n\u0131n kuzeydo\u011fusunda yer alan el Hamra k\u00f6y\u00fc yak\u0131nlar\u0131nda ter\u00f6r gruplar\u0131ndan kalan bir may\u0131n\u0131n patlamas\u0131 sonucunda 1 vatanda\u015f \u015fehit d\u00fc\u015ft\u00fc, 15 vatanda\u015f da yaraland\u0131. SANA muhabiri, Hama k\u0131rsal\u0131n\u0131n kuzeydo\u011fusunda yer alan el Hamra k\u00f6y\u00fc yak\u0131nlar\u0131nda ter\u00f6r gruplar\u0131ndan kalan bir may\u0131n\u0131n, bir grup k\u00f6yl\u00fcn\u00fcn tar\u0131m i\u015flerini yapmalar\u0131 s\u0131ras\u0131nda patlamas\u0131 sonucunda bir vatanda\u015f\u0131n \u015fehit d\u00fc\u015ft\u00fc\u011f\u00fcn\u00fc, &hellip;<\/p>\n","protected":false},"author":36,"featured_media":216972,"comment_status":"closed","ping_status":"closed","sticky":false,"template":"","format":"standard","meta":{"footnotes":""},"categories":[479,575,17988,478],"tags":[],"class_list":["post-216971","post","type-post","status-publish","format-standard","has-post-thumbnail","","category-haberler-yerel","category-olaylar-ve-gercekler","category-son-haberler","category-yerel"],"_links":{"self":[{"href":"https:\/\/archive.sana.sy\/tr\/index.php?rest_route=\/wp\/v2\/posts\/216971","targetHints":{"allow":["GET"]}}],"collection":[{"href":"https:\/\/archive.sana.sy\/tr\/index.php?rest_route=\/wp\/v2\/posts"}],"about":[{"href":"https:\/\/archive.sana.sy\/tr\/index.php?rest_route=\/wp\/v2\/types\/post"}],"author":[{"embeddable":true,"href":"https:\/\/archive.sana.sy\/tr\/index.php?rest_route=\/wp\/v2\/users\/36"}],"replies":[{"embeddable":true,"href":"https:\/\/archive.sana.sy\/tr\/index.php?rest_route=%2Fwp%2Fv2%2Fcomments&post=216971"}],"version-history":[{"count":0,"href":"https:\/\/archive.sana.sy\/tr\/index.php?rest_route=\/wp\/v2\/posts\/216971\/revisions"}],"wp:featuredmedia":[{"embeddable":true,"href":"https:\/\/archive.sana.sy\/tr\/index.php?rest_route=\/wp\/v2\/media\/216972"}],"wp:attachment":[{"href":"https:\/\/archive.sana.sy\/tr\/index.php?rest_route=%2Fwp%2Fv2%2Fmedia&parent=216971"}],"wp:term":[{"taxonomy":"category","embeddable":true,"href":"https:\/\/archive.sana.sy\/tr\/index.php?rest_route=%2Fwp%2Fv2%2Fcategories&post=216971"},{"taxonomy":"post_tag","embeddable":true,"href":"https:\/\/archive.sana.sy\/tr\/index.php?rest_route=%2Fwp%2Fv2%2Ftags&post=216971"}],"curies":[{"name":"wp","href":"https:\/\/api.w.org\/{rel}","templated":true}]}}