{"id":216974,"date":"2020-08-30T13:41:08","date_gmt":"2020-08-30T10:41:08","guid":{"rendered":"http:\/\/www.sana.sy\/tr\/?p=216974"},"modified":"2020-09-01T08:37:10","modified_gmt":"2020-09-01T05:37:10","slug":"cumhurbaskani-esad-muhendis-huseyin-arnus-baskanligindaki-yeni-suriye-hukumetini-olusturan-bir-kararname-yayinladi","status":"publish","type":"post","link":"https:\/\/archive.sana.sy\/tr\/?p=216974","title":{"rendered":"Cumhurba\u015fkan\u0131 Esad, M\u00fchendis H\u00fcseyin Arnus Ba\u015fkanl\u0131\u011f\u0131ndaki Yeni Suriye H\u00fck\u00fcmetini Olu\u015fturan Kararnameyi Yay\u0131nlad\u0131"},"content":{"rendered":"<p>\u015eAM \u2013 Cumhurba\u015fkan\u0131 Be\u015far Esad bug\u00fcn Suriye Arap Cumhuriyeti&#8217;nde M\u00fchendis H\u00fcseyin Arnus ba\u015fkanl\u0131\u011f\u0131ndaki yeni Suriye h\u00fck\u00fcmetini kurmak i\u00e7in 2020 tarihli 221 say\u0131l\u0131 kararnameyi yay\u0131nlad\u0131:<\/p>\n<p>&#8211; M\u00fchendis H\u00fcseyin Arnus, Ba\u015fbakan olarak.<\/p>\n<p>&#8211; Korgeneral Ali Abdullah Ey\u00fcp, Ba\u015fbakan Yard\u0131mc\u0131s\u0131 ve Savunma Bakan\u0131.<\/p>\n<p>&#8211; Velid el Muallim, Ba\u015fbakan Yard\u0131mc\u0131s\u0131 D\u0131\u015fi\u015fleri ve Gurbet\u00e7iler Bakan\u0131.<\/p>\n<p>&#8211; Doktor Muhammed Abd\u00fcssettar el Sayit, Vak\u0131flar Bakan\u0131.<\/p>\n<p>&#8211; Mansur Fadlullah Azzam, Cumhurba\u015fkanl\u0131\u011f\u0131 \u0130\u015fleri Bakan\u0131.<\/p>\n<p>&#8211; M\u00fchendis H\u00fcseyin Mahluf, Yerel Y\u00f6netim ve \u00c7evre Bakan\u0131.<\/p>\n<p>&#8211; Selam Saffaf, \u0130dari Kalk\u0131nma Bakan\u0131.<\/p>\n<p>&#8211; Dokto Selva Abdullah, \u00c7al\u0131\u015fma ve Sosyal \u0130\u015fler Bakan\u0131.<\/p>\n<p>&#8211; Doktor Muhammed Samir el Halil, Ekonomi ve D\u0131\u015f Ticaret Bakan\u0131.<\/p>\n<p>&#8211; \u0130mad Abdullah Sara, Enformasyon Bakan\u0131.<\/p>\n<p>&#8211; T\u00fcmgeneral Muhammed Haled el Rahmun, \u0130\u00e7i\u015fleri Bakan\u0131.<\/p>\n<p>&#8211; M\u00fchendis Muhammed Rami Martini, Turizm Bakan\u0131.<\/p>\n<p>&#8211; Doktor Bessam \u0130brahim, Y\u00fcksek \u00d6\u011fretim ve Bilimsel Ara\u015ft\u0131rma Bakan\u0131.<\/p>\n<p>&#8211; M\u00fchendis S\u00fcheyl Abd\u00fcllatif,\u00a0 Bay\u0131nd\u0131rl\u0131k ve \u0130skan Bakan\u0131.<\/p>\n<p>&#8211; M\u00fchendis \u0130yad el HAtib, \u0130leti\u015fim ve Teknoloji Bakan\u0131.<\/p>\n<p>&#8211; Talal Berazi, \u0130\u00e7 Ticaret ve T\u00fcketiciyi Korma Bakan\u0131.<\/p>\n<p>&#8211; Doktor L\u00fcbana Me\u015fuh, K\u00fclt\u00fcr Bakan\u0131.<\/p>\n<p>&#8211; Doktor Darm Tabba, E\u011fitim Bakan\u0131.<\/p>\n<p>&#8211; Ahmed el Sayyid, Adalet Bakan\u0131.<\/p>\n<p>&#8211; Tammam Raad, Su Kaynaklar\u0131 Bakan\u0131.<\/p>\n<p>&#8211; Doktor Kinan Ya\u011fi, Maliye Bakan\u0131.<\/p>\n<p>&#8211; M\u00fchendis Zuheyr Hazim, Ula\u015ft\u0131rma Bakan\u0131.<\/p>\n<p>&#8211; Bessam Taame, Petrol ve Madeni Servetler Bakan\u0131.<\/p>\n<p>&#8211; Doktor Hassan el \u011eaba\u015f, Sa\u011fl\u0131k Bakan\u0131.<\/p>\n<p>&#8211; Ziyad Sabba\u011f, Sanayi Bakan\u0131.<\/p>\n<p>&#8211; M\u00fchendis Muhammed Hassan Katan, Tar\u0131m ve Tar\u0131m Reformu Bakan\u0131.<\/p>\n<p>&#8211; M\u00fchendis \u011eassan el zamel, Elektrik Bakan\u0131.<\/p>\n<p>&#8211; Muhammed Fayiz el Ber\u015fe, Devlet Bakan\u0131<\/p>\n<p>&#8211; Muhammed Sammir Hadad, Devlet Bakan\u0131.<\/p>\n<p>&#8211; Melul el Huseyin, Devlet Bakan\u0131.<\/p>\n<p>\u015eam, 11-1-1442 Hicri kar\u015f\u0131l\u0131k 30-8-2020 Miladi.<\/p>\n<p>\u00c7eviri: M.Y<\/p>\n","protected":false},"excerpt":{"rendered":"<p>\u015eAM \u2013 Cumhurba\u015fkan\u0131 Be\u015far Esad bug\u00fcn Suriye Arap Cumhuriyeti&#8217;nde M\u00fchendis H\u00fcseyin Arnus ba\u015fkanl\u0131\u011f\u0131ndaki yeni Suriye h\u00fck\u00fcmetini kurmak i\u00e7in 2020 tarihli 221 say\u0131l\u0131 kararnameyi yay\u0131nlad\u0131: &#8211; M\u00fchendis H\u00fcseyin Arnus, Ba\u015fbakan olarak. &#8211; Korgeneral Ali Abdullah Ey\u00fcp, Ba\u015fbakan Yard\u0131mc\u0131s\u0131 ve Savunma Bakan\u0131. &#8211; Velid el Muallim, Ba\u015fbakan Yard\u0131mc\u0131s\u0131 D\u0131\u015fi\u015fleri ve Gurbet\u00e7iler Bakan\u0131. &#8211; Doktor Muhammed Abd\u00fcssettar el &hellip;<\/p>\n","protected":false},"author":36,"featured_media":216975,"comment_status":"closed","ping_status":"closed","sticky":false,"template":"","format":"standard","meta":{"footnotes":""},"categories":[479,605,17988,612,599,478],"tags":[],"class_list":["post-216974","post","type-post","status-publish","format-standard","has-post-thumbnail","","category-haberler-yerel","category-sayin-cumhurbaskani","category-son-haberler","category-yasama-kararnameler","category-yasama-ve-kanunlar","category-yerel"],"_links":{"self":[{"href":"https:\/\/archive.sana.sy\/tr\/index.php?rest_route=\/wp\/v2\/posts\/216974","targetHints":{"allow":["GET"]}}],"collection":[{"href":"https:\/\/archive.sana.sy\/tr\/index.php?rest_route=\/wp\/v2\/posts"}],"about":[{"href":"https:\/\/archive.sana.sy\/tr\/index.php?rest_route=\/wp\/v2\/types\/post"}],"author":[{"embeddable":true,"href":"https:\/\/archive.sana.sy\/tr\/index.php?rest_route=\/wp\/v2\/users\/36"}],"replies":[{"embeddable":true,"href":"https:\/\/archive.sana.sy\/tr\/index.php?rest_route=%2Fwp%2Fv2%2Fcomments&post=216974"}],"version-history":[{"count":0,"href":"https:\/\/archive.sana.sy\/tr\/index.php?rest_route=\/wp\/v2\/posts\/216974\/revisions"}],"wp:featuredmedia":[{"embeddable":true,"href":"https:\/\/archive.sana.sy\/tr\/index.php?rest_route=\/wp\/v2\/media\/216975"}],"wp:attachment":[{"href":"https:\/\/archive.sana.sy\/tr\/index.php?rest_route=%2Fwp%2Fv2%2Fmedia&parent=216974"}],"wp:term":[{"taxonomy":"category","embeddable":true,"href":"https:\/\/archive.sana.sy\/tr\/index.php?rest_route=%2Fwp%2Fv2%2Fcategories&post=216974"},{"taxonomy":"post_tag","embeddable":true,"href":"https:\/\/archive.sana.sy\/tr\/index.php?rest_route=%2Fwp%2Fv2%2Ftags&post=216974"}],"curies":[{"name":"wp","href":"https:\/\/api.w.org\/{rel}","templated":true}]}}