{"id":216981,"date":"2020-08-30T14:05:04","date_gmt":"2020-08-30T11:05:04","guid":{"rendered":"http:\/\/www.sana.sy\/tr\/?p=216981"},"modified":"2020-09-04T08:48:42","modified_gmt":"2020-09-04T05:48:42","slug":"adb-gucleri-haseke-kirsalina-yeni-bir-konvoy-gecirdi","status":"publish","type":"post","link":"https:\/\/archive.sana.sy\/tr\/?p=216981","title":{"rendered":"ADB G\u00fc\u00e7leri Haseke K\u0131rsal\u0131na Yeni Bir Konvoy Ge\u00e7irdi"},"content":{"rendered":"<p>HASEKE \u2013 \u0130\u015fgalci Amerikan g\u00fc\u00e7leri uluslararas\u0131 hukuku ve ilkelerini ihlal etmeye devam ederek, lojistik takviye ve melzemelerle dolu ara\u00e7lardan olu\u015fan bir konvoyu me\u015fru olmayan \u201cel Velid\u201d ge\u00e7idinden Irak\u2019tan Suriye topraklar\u0131na ge\u00e7irdi.<\/p>\n<p>Yerel kaynaklar SANA muhabirine, \u0130\u015faglci Amerikan g\u00fc\u00e7lerinin el Cazire b\u00f6lgesindeki yasa d\u0131\u015f\u0131 \u00fcslerine lojistik takviyeler ve melzemelerini ta\u015f\u0131yan 7 tanker ve 4 termokingten olu\u015fan bir konvoyu ge\u00e7irdi\u011fini belirtti.<\/p>\n<p>Kaynaklar, s\u00f6z konusu konvoyun, Yarubiye k\u0131rsal\u0131ndaki yasad\u0131\u015f\u0131 El Velid ge\u00e7idinden Irak\u2019tan Haseke k\u0131rsal\u0131&#8217;n\u0131n kuzeydo\u011fusunda el Malikiye k\u0131rsal\u0131ndaki H\u0131rab el Cir havaalan\u0131ndaki yasa d\u0131\u015f\u0131 Amerikan \u00fcss\u00fcne do\u011fru gitti\u011fini belirtti.<\/p>\n<p>\u00c7eviri: M.Y<\/p>\n","protected":false},"excerpt":{"rendered":"<p>HASEKE \u2013 \u0130\u015fgalci Amerikan g\u00fc\u00e7leri uluslararas\u0131 hukuku ve ilkelerini ihlal etmeye devam ederek, lojistik takviye ve melzemelerle dolu ara\u00e7lardan olu\u015fan bir konvoyu me\u015fru olmayan \u201cel Velid\u201d ge\u00e7idinden Irak\u2019tan Suriye topraklar\u0131na ge\u00e7irdi. Yerel kaynaklar SANA muhabirine, \u0130\u015faglci Amerikan g\u00fc\u00e7lerinin el Cazire b\u00f6lgesindeki yasa d\u0131\u015f\u0131 \u00fcslerine lojistik takviyeler ve melzemelerini ta\u015f\u0131yan 7 tanker ve 4 termokingten olu\u015fan &hellip;<\/p>\n","protected":false},"author":36,"featured_media":216982,"comment_status":"closed","ping_status":"closed","sticky":false,"template":"","format":"standard","meta":{"footnotes":""},"categories":[479,575,17988,478],"tags":[],"class_list":["post-216981","post","type-post","status-publish","format-standard","has-post-thumbnail","","category-haberler-yerel","category-olaylar-ve-gercekler","category-son-haberler","category-yerel"],"_links":{"self":[{"href":"https:\/\/archive.sana.sy\/tr\/index.php?rest_route=\/wp\/v2\/posts\/216981","targetHints":{"allow":["GET"]}}],"collection":[{"href":"https:\/\/archive.sana.sy\/tr\/index.php?rest_route=\/wp\/v2\/posts"}],"about":[{"href":"https:\/\/archive.sana.sy\/tr\/index.php?rest_route=\/wp\/v2\/types\/post"}],"author":[{"embeddable":true,"href":"https:\/\/archive.sana.sy\/tr\/index.php?rest_route=\/wp\/v2\/users\/36"}],"replies":[{"embeddable":true,"href":"https:\/\/archive.sana.sy\/tr\/index.php?rest_route=%2Fwp%2Fv2%2Fcomments&post=216981"}],"version-history":[{"count":0,"href":"https:\/\/archive.sana.sy\/tr\/index.php?rest_route=\/wp\/v2\/posts\/216981\/revisions"}],"wp:featuredmedia":[{"embeddable":true,"href":"https:\/\/archive.sana.sy\/tr\/index.php?rest_route=\/wp\/v2\/media\/216982"}],"wp:attachment":[{"href":"https:\/\/archive.sana.sy\/tr\/index.php?rest_route=%2Fwp%2Fv2%2Fmedia&parent=216981"}],"wp:term":[{"taxonomy":"category","embeddable":true,"href":"https:\/\/archive.sana.sy\/tr\/index.php?rest_route=%2Fwp%2Fv2%2Fcategories&post=216981"},{"taxonomy":"post_tag","embeddable":true,"href":"https:\/\/archive.sana.sy\/tr\/index.php?rest_route=%2Fwp%2Fv2%2Ftags&post=216981"}],"curies":[{"name":"wp","href":"https:\/\/api.w.org\/{rel}","templated":true}]}}